{"id":2450,"date":"2023-05-04T11:05:09","date_gmt":"2023-05-04T14:05:09","guid":{"rendered":"https:\/\/diariorepublica.com.ar\/web\/?p=2450"},"modified":"2023-05-04T11:05:10","modified_gmt":"2023-05-04T14:05:10","slug":"en-un-megaoperativo-fuerzas-de-seguridad-lograron-secuestrar-millonario-cargamento-de-marihuana","status":"publish","type":"post","link":"https:\/\/diariorepublica.com.ar\/web\/index.php\/policiales\/2023\/05\/04\/en-un-megaoperativo-fuerzas-de-seguridad-lograron-secuestrar-millonario-cargamento-de-marihuana\/","title":{"rendered":"En un \u00abmegaoperativo\u00bb fuerzas de seguridad lograron secuestrar millonario cargamento de marihuana"},"content":{"rendered":"<p>En un mega operativo llevado a cabo entre las jurisdicciones de Capay\u00e1n y Pom\u00e1n se logr\u00f3 secuestrar m\u00e1s de 200 kilos de marihuana. El procedimiento se llev\u00f3 a cabo tras una tarea de investigaci\u00f3n por parte de la polic\u00eda y fue considerado como un \u00abcargamento millonario\u00bb. Se inici\u00f3 ayer en horas de la tarde y hasta la ma\u00f1ana de hoy se segu\u00edan realizando procedimientos. Los allanamientos se habr\u00edan llevado a cabo en la ruta 60 en la zona de la Quebrada de la C\u00e9bila y gran cantidad de la droga fue secuestrada en un galp\u00f3n ubicado en Pom\u00e1n.<\/p>\n<p>Durante el procedimiento se procedi\u00f3 a la detenci\u00f3n de dos personas. Uno de los detenidos es Ariel Alan\u00eds, quien en el a\u00f1o 2017 fue condenado a la pena de 6 a\u00f1os de prisi\u00f3n tras ser hallado coautor del transporte de 90 kilos de marihuana que ten\u00edan como destino la Provincia y que hab\u00edan sido tra\u00eddos desde Corrientes.<\/p>\n<p>Las primeras informaciones indican que Alanis fue sorprendido por la polic\u00eda en un veh\u00edculo con alrededor de 30 kilos de droga en la entrada de la C\u00e9bila, luego, a partir de tareas investigativas se logr\u00f3 determinar que en una finca ubicada en Pom\u00e1n, que ser\u00eda alquilada por Alanis, hab\u00eda m\u00e1s de 180 kilos de droga.<\/p>\n","protected":false},"excerpt":{"rendered":"<p>En un mega operativo llevado a cabo entre las jurisdicciones de Capay\u00e1n y Pom\u00e1n se logr\u00f3 secuestrar m\u00e1s de 200<\/p>\n","protected":false},"author":2,"featured_media":2451,"comment_status":"closed","ping_status":"closed","sticky":false,"template":"","format":"standard","meta":{"footnotes":"","jetpack_publicize_message":"","jetpack_publicize_feature_enabled":true,"jetpack_social_post_already_shared":false,"jetpack_social_options":{"image_generator_settings":{"template":"highway","enabled":false},"version":2}},"categories":[8],"tags":[],"class_list":["post-2450","post","type-post","status-publish","format-standard","has-post-thumbnail","hentry","category-policiales"],"jetpack_publicize_connections":[],"_links":{"self":[{"href":"https:\/\/diariorepublica.com.ar\/web\/index.php\/wp-json\/wp\/v2\/posts\/2450"}],"collection":[{"href":"https:\/\/diariorepublica.com.ar\/web\/index.php\/wp-json\/wp\/v2\/posts"}],"about":[{"href":"https:\/\/diariorepublica.com.ar\/web\/index.php\/wp-json\/wp\/v2\/types\/post"}],"author":[{"embeddable":true,"href":"https:\/\/diariorepublica.com.ar\/web\/index.php\/wp-json\/wp\/v2\/users\/2"}],"replies":[{"embeddable":true,"href":"https:\/\/diariorepublica.com.ar\/web\/index.php\/wp-json\/wp\/v2\/comments?post=2450"}],"version-history":[{"count":1,"href":"https:\/\/diariorepublica.com.ar\/web\/index.php\/wp-json\/wp\/v2\/posts\/2450\/revisions"}],"predecessor-version":[{"id":2452,"href":"https:\/\/diariorepublica.com.ar\/web\/index.php\/wp-json\/wp\/v2\/posts\/2450\/revisions\/2452"}],"wp:featuredmedia":[{"embeddable":true,"href":"https:\/\/diariorepublica.com.ar\/web\/index.php\/wp-json\/wp\/v2\/media\/2451"}],"wp:attachment":[{"href":"https:\/\/diariorepublica.com.ar\/web\/index.php\/wp-json\/wp\/v2\/media?parent=2450"}],"wp:term":[{"taxonomy":"category","embeddable":true,"href":"https:\/\/diariorepublica.com.ar\/web\/index.php\/wp-json\/wp\/v2\/categories?post=2450"},{"taxonomy":"post_tag","embeddable":true,"href":"https:\/\/diariorepublica.com.ar\/web\/index.php\/wp-json\/wp\/v2\/tags?post=2450"}],"curies":[{"name":"wp","href":"https:\/\/api.w.org\/{rel}","templated":true}]}}