{"id":2453,"date":"2023-05-04T12:08:47","date_gmt":"2023-05-04T15:08:47","guid":{"rendered":"https:\/\/diariorepublica.com.ar\/web\/?p=2453"},"modified":"2023-05-04T12:08:48","modified_gmt":"2023-05-04T15:08:48","slug":"condenaron-por-abuso-sexual-a-gabriel-leiva-y-emanuel-aguero-a-10-anos-de-prision","status":"publish","type":"post","link":"https:\/\/diariorepublica.com.ar\/web\/index.php\/policiales\/2023\/05\/04\/condenaron-por-abuso-sexual-a-gabriel-leiva-y-emanuel-aguero-a-10-anos-de-prision\/","title":{"rendered":"Condenaron por abuso sexual a Gabriel Leiva y Emanuel Aguero a 10 a\u00f1os de prision"},"content":{"rendered":"<p>El tribunal de la C\u00e1mara de Sentencia en lo Criminal de Primera Nominaci\u00f3n defini\u00f3 condenar a diez a\u00f1os de prisi\u00f3n a Gabriel Leiva y Emanuel Ag\u00fcero por el delito de \u00ababuso sexual con acceso carnal agravado\u00bb, por un hecho ocurrido en julio de 2018.<\/p>\n<p>Los ahora condenados continuar\u00e1n en libertad hasta que la sentencia quede firme. Adem\u00e1s, fueron absueltos del delito de rapto por el cual tambi\u00e9n hab\u00edan sido acusado.<\/p>\n<p>El tribunal estuvo integrado por los jueces Fernando Esteban, Mauricio Navarro Foressi y Rodrigo Morabito. El Ministerio P\u00fablico Fiscal fue representado por la fiscal Daniela Barrionuevo, quien fue acompa\u00f1ado por el abogado de la querella Claudio Contreras. La defensa la ejercieron por los abogados particulares Luciano Rojas y Pedro Justiniano V\u00e9lez.<\/p>\n<p>En la jornada de alegatos, el fiscal hab\u00eda solicitado las penas de 13 a\u00f1os para Ag\u00fcero y 15 para Leiva, pero finalmente la condena fue menor tendiendo en cuenta que el tribunal entendi\u00f3 que no se hab\u00eda podido comprobar el delito de \u00abrapto\u00bb.<\/p>\n<p>Tras la sentencia, ambos acusados sostuvieron que se trata de una pena \u00abinjusta\u00bb y remarcaron que \u00abnosotros mantuvimos relaciones consensuadas con ella (la v\u00edctima). Es muy peligroso que por el solo hecho de ser mujer ya hay que creerle pese a que las pruebas indican que somos inocentes\u00bb.<\/p>\n\n\n<p><\/p>\n","protected":false},"excerpt":{"rendered":"<p>El tribunal de la C\u00e1mara de Sentencia en lo Criminal de Primera Nominaci\u00f3n defini\u00f3 condenar a diez a\u00f1os de prisi\u00f3n<\/p>\n","protected":false},"author":2,"featured_media":2454,"comment_status":"closed","ping_status":"closed","sticky":false,"template":"","format":"standard","meta":{"footnotes":"","jetpack_publicize_message":"","jetpack_publicize_feature_enabled":true,"jetpack_social_post_already_shared":false,"jetpack_social_options":{"image_generator_settings":{"template":"highway","enabled":false},"version":2}},"categories":[8],"tags":[],"class_list":["post-2453","post","type-post","status-publish","format-standard","has-post-thumbnail","hentry","category-policiales"],"jetpack_publicize_connections":[],"_links":{"self":[{"href":"https:\/\/diariorepublica.com.ar\/web\/index.php\/wp-json\/wp\/v2\/posts\/2453"}],"collection":[{"href":"https:\/\/diariorepublica.com.ar\/web\/index.php\/wp-json\/wp\/v2\/posts"}],"about":[{"href":"https:\/\/diariorepublica.com.ar\/web\/index.php\/wp-json\/wp\/v2\/types\/post"}],"author":[{"embeddable":true,"href":"https:\/\/diariorepublica.com.ar\/web\/index.php\/wp-json\/wp\/v2\/users\/2"}],"replies":[{"embeddable":true,"href":"https:\/\/diariorepublica.com.ar\/web\/index.php\/wp-json\/wp\/v2\/comments?post=2453"}],"version-history":[{"count":1,"href":"https:\/\/diariorepublica.com.ar\/web\/index.php\/wp-json\/wp\/v2\/posts\/2453\/revisions"}],"predecessor-version":[{"id":2455,"href":"https:\/\/diariorepublica.com.ar\/web\/index.php\/wp-json\/wp\/v2\/posts\/2453\/revisions\/2455"}],"wp:featuredmedia":[{"embeddable":true,"href":"https:\/\/diariorepublica.com.ar\/web\/index.php\/wp-json\/wp\/v2\/media\/2454"}],"wp:attachment":[{"href":"https:\/\/diariorepublica.com.ar\/web\/index.php\/wp-json\/wp\/v2\/media?parent=2453"}],"wp:term":[{"taxonomy":"category","embeddable":true,"href":"https:\/\/diariorepublica.com.ar\/web\/index.php\/wp-json\/wp\/v2\/categories?post=2453"},{"taxonomy":"post_tag","embeddable":true,"href":"https:\/\/diariorepublica.com.ar\/web\/index.php\/wp-json\/wp\/v2\/tags?post=2453"}],"curies":[{"name":"wp","href":"https:\/\/api.w.org\/{rel}","templated":true}]}}