{"id":24540,"date":"2025-06-23T11:03:42","date_gmt":"2025-06-23T14:03:42","guid":{"rendered":"https:\/\/diariorepublica.com.ar\/web\/?p=24540"},"modified":"2025-06-23T11:03:44","modified_gmt":"2025-06-23T14:03:44","slug":"se-ejecuto-la-primera-etapa-del-plan-de-asfaltado-provincial-en-tapso","status":"publish","type":"post","link":"https:\/\/diariorepublica.com.ar\/web\/index.php\/locales\/2025\/06\/23\/se-ejecuto-la-primera-etapa-del-plan-de-asfaltado-provincial-en-tapso\/","title":{"rendered":"Se ejecut\u00f3 la primera etapa del Plan de Asfaltado Provincial en Tapso"},"content":{"rendered":"<p>En el marco de la visita del gobernador Ra\u00fal Jalil a Tapso, se rubric\u00f3 un nuevo convenio entre Vialidad Provincial y el intendente Mario Sosa para dar continuidad al Plan de Asfaltado Provincial en la jurisdicci\u00f3n.<\/p>\n<p>Este jueves qued\u00f3 inaugurada la primera etapa del plan que incluy\u00f3 el asfaltado urbano de 1.000 metros en las calles del sector sur de la ciudad, cordones cunetas y el Paseo de las Banderas, tambi\u00e9n ubicado en el ingreso del sector sur de Tapso.<\/p>\n<p>Adem\u00e1s, con el nuevo acuerdo rubricado se avanzar\u00e1 en la pavimentaci\u00f3n de otros 1.500 metros en el centro de la localidad, mejorando la transitabilidad y la infraestructura vial de la zona urbana de la localidad, y cumpliendo con un reclamo hist\u00f3rico de los vecinos.<\/p>\n<p>\u201cQueremos agradecer al Gobernador por el apoyo para concretar trabajos de repavimentaci\u00f3n de las principales calles de nuestra localidad\u201d, expres\u00f3 el intendente Sosa tras el corte de cinta acompa\u00f1ado de ni\u00f1os y vecinos.<\/p>\n<p>En el marco del plan, la provincia aporta la maquinaria y la mano de obra, mientras que el municipio se encarga de la provisi\u00f3n de materiales para el asfaltado. Esta articulaci\u00f3n permite avanzar con eficiencia en obras clave para el desarrollo urbano del interior provincial y a trav\u00e9s de esta metodolog\u00eda se ejecutan obras en Santa Mar\u00eda, Andalgal\u00e1, San Jos\u00e9, Los Altos, Capital, entre otras localidades.<\/p>\n","protected":false},"excerpt":{"rendered":"<p>En el marco de la visita del gobernador Ra\u00fal Jalil a Tapso, se rubric\u00f3 un nuevo convenio entre Vialidad Provincial<\/p>\n","protected":false},"author":1,"featured_media":24541,"comment_status":"closed","ping_status":"closed","sticky":false,"template":"","format":"standard","meta":{"footnotes":"","jetpack_publicize_message":"","jetpack_publicize_feature_enabled":true,"jetpack_social_post_already_shared":true,"jetpack_social_options":{"image_generator_settings":{"template":"highway","enabled":false},"version":2}},"categories":[2],"tags":[],"class_list":["post-24540","post","type-post","status-publish","format-standard","has-post-thumbnail","hentry","category-locales"],"jetpack_publicize_connections":[],"_links":{"self":[{"href":"https:\/\/diariorepublica.com.ar\/web\/index.php\/wp-json\/wp\/v2\/posts\/24540"}],"collection":[{"href":"https:\/\/diariorepublica.com.ar\/web\/index.php\/wp-json\/wp\/v2\/posts"}],"about":[{"href":"https:\/\/diariorepublica.com.ar\/web\/index.php\/wp-json\/wp\/v2\/types\/post"}],"author":[{"embeddable":true,"href":"https:\/\/diariorepublica.com.ar\/web\/index.php\/wp-json\/wp\/v2\/users\/1"}],"replies":[{"embeddable":true,"href":"https:\/\/diariorepublica.com.ar\/web\/index.php\/wp-json\/wp\/v2\/comments?post=24540"}],"version-history":[{"count":1,"href":"https:\/\/diariorepublica.com.ar\/web\/index.php\/wp-json\/wp\/v2\/posts\/24540\/revisions"}],"predecessor-version":[{"id":24542,"href":"https:\/\/diariorepublica.com.ar\/web\/index.php\/wp-json\/wp\/v2\/posts\/24540\/revisions\/24542"}],"wp:featuredmedia":[{"embeddable":true,"href":"https:\/\/diariorepublica.com.ar\/web\/index.php\/wp-json\/wp\/v2\/media\/24541"}],"wp:attachment":[{"href":"https:\/\/diariorepublica.com.ar\/web\/index.php\/wp-json\/wp\/v2\/media?parent=24540"}],"wp:term":[{"taxonomy":"category","embeddable":true,"href":"https:\/\/diariorepublica.com.ar\/web\/index.php\/wp-json\/wp\/v2\/categories?post=24540"},{"taxonomy":"post_tag","embeddable":true,"href":"https:\/\/diariorepublica.com.ar\/web\/index.php\/wp-json\/wp\/v2\/tags?post=24540"}],"curies":[{"name":"wp","href":"https:\/\/api.w.org\/{rel}","templated":true}]}}