{"id":24657,"date":"2025-06-26T07:59:22","date_gmt":"2025-06-26T10:59:22","guid":{"rendered":"https:\/\/diariorepublica.com.ar\/web\/?p=24657"},"modified":"2025-06-26T07:59:24","modified_gmt":"2025-06-26T10:59:24","slug":"poncho-2025-modernizacion-equipa-al-predio-ferial-con-wifi-7","status":"publish","type":"post","link":"https:\/\/diariorepublica.com.ar\/web\/index.php\/sociedad\/2025\/06\/26\/poncho-2025-modernizacion-equipa-al-predio-ferial-con-wifi-7\/","title":{"rendered":"Poncho 2025: Modernizaci\u00f3n equipa al Predio Ferial con Wifi 7"},"content":{"rendered":"<p>La Secretar\u00eda de Modernizaci\u00f3n perteneciente al Ministerio de Hacienda y Obra P\u00fablica trabaja en el refuerzo de los sistemas de conectividad para los distintos pabellones del Predio Ferial Catamarca, que se prepara para albergar a la Fiesta Nacional e Internacional del Poncho en el mes de julio. Seg\u00fan explic\u00f3 Exequiel Espeche, t\u00e9cnico a cargo de la cuadrilla que est\u00e1 instalando los nuevos aparatos de tecnolog\u00eda Wifi 7 \u00abel Predio Ferial va a reforzar su conectividad con la \u00faltima tecnolog\u00eda que hemos incorporado y para eso ha resultado muy importante la obra de fibra \u00f3ptica ya realizada que conect\u00f3 estas instalaciones con el Data Center que funciona en la Secretar\u00eda de Modernizaci\u00f3n ubicada en el CAPE\u00bb. Dicha obra fue realizada con el apoyo del \u00c1rea Inform\u00e1tica de EC Sapem y asegura mayor fluidez en el traspaso de datos, lo cual brindar\u00e1 mayor capacidad de navegaci\u00f3n, en especial para aparatos celulares de \u00faltima generaci\u00f3n, explic\u00f3 el t\u00e9cnico.<\/p>\n<p>Un dato que resulta importante es que con la incorporaci\u00f3n del Wifi 7 \u00abse complementa la red que ya estaba instalada y funcionando\u00bb, por lo cual no se trata de un reemplazo de una tecnolog\u00eda por otra sino del fortalecimiento del sistema general\u00bb.<\/p>\n<p>En este caso, la inversi\u00f3n tecnol\u00f3gica que realiza el Gobierno de la provincia en la sede de la Fiesta Nacional del Poncho redunda en beneficios tangibles para los catamarque\u00f1os y para los visitantes. No obstante, la Secretar\u00eda de Modernizaci\u00f3n viene trabajando de manera sostenida y durante todo el a\u00f1o en diversos establecimientos p\u00fablicos para dotar de conectividad a los ciudadanos y a trabajadores.<\/p>\n","protected":false},"excerpt":{"rendered":"<p>La Secretar\u00eda de Modernizaci\u00f3n perteneciente al Ministerio de Hacienda y Obra P\u00fablica trabaja en el refuerzo de los sistemas de<\/p>\n","protected":false},"author":1,"featured_media":24658,"comment_status":"closed","ping_status":"closed","sticky":false,"template":"","format":"standard","meta":{"footnotes":"","jetpack_publicize_message":"","jetpack_publicize_feature_enabled":true,"jetpack_social_post_already_shared":true,"jetpack_social_options":{"image_generator_settings":{"template":"highway","enabled":false},"version":2}},"categories":[3],"tags":[],"class_list":["post-24657","post","type-post","status-publish","format-standard","has-post-thumbnail","hentry","category-sociedad"],"jetpack_publicize_connections":[],"_links":{"self":[{"href":"https:\/\/diariorepublica.com.ar\/web\/index.php\/wp-json\/wp\/v2\/posts\/24657"}],"collection":[{"href":"https:\/\/diariorepublica.com.ar\/web\/index.php\/wp-json\/wp\/v2\/posts"}],"about":[{"href":"https:\/\/diariorepublica.com.ar\/web\/index.php\/wp-json\/wp\/v2\/types\/post"}],"author":[{"embeddable":true,"href":"https:\/\/diariorepublica.com.ar\/web\/index.php\/wp-json\/wp\/v2\/users\/1"}],"replies":[{"embeddable":true,"href":"https:\/\/diariorepublica.com.ar\/web\/index.php\/wp-json\/wp\/v2\/comments?post=24657"}],"version-history":[{"count":1,"href":"https:\/\/diariorepublica.com.ar\/web\/index.php\/wp-json\/wp\/v2\/posts\/24657\/revisions"}],"predecessor-version":[{"id":24659,"href":"https:\/\/diariorepublica.com.ar\/web\/index.php\/wp-json\/wp\/v2\/posts\/24657\/revisions\/24659"}],"wp:featuredmedia":[{"embeddable":true,"href":"https:\/\/diariorepublica.com.ar\/web\/index.php\/wp-json\/wp\/v2\/media\/24658"}],"wp:attachment":[{"href":"https:\/\/diariorepublica.com.ar\/web\/index.php\/wp-json\/wp\/v2\/media?parent=24657"}],"wp:term":[{"taxonomy":"category","embeddable":true,"href":"https:\/\/diariorepublica.com.ar\/web\/index.php\/wp-json\/wp\/v2\/categories?post=24657"},{"taxonomy":"post_tag","embeddable":true,"href":"https:\/\/diariorepublica.com.ar\/web\/index.php\/wp-json\/wp\/v2\/tags?post=24657"}],"curies":[{"name":"wp","href":"https:\/\/api.w.org\/{rel}","templated":true}]}}