{"id":24663,"date":"2025-06-26T10:57:00","date_gmt":"2025-06-26T13:57:00","guid":{"rendered":"https:\/\/diariorepublica.com.ar\/web\/?p=24663"},"modified":"2025-06-26T10:57:02","modified_gmt":"2025-06-26T13:57:02","slug":"catamarca-participo-de-un-nuevo-encuentro-de-cofesa","status":"publish","type":"post","link":"https:\/\/diariorepublica.com.ar\/web\/index.php\/locales\/2025\/06\/26\/catamarca-participo-de-un-nuevo-encuentro-de-cofesa\/","title":{"rendered":"Catamarca particip\u00f3 de un nuevo encuentro de COFESA"},"content":{"rendered":"<p>La Secretaria de Asistencia en Salud P\u00fablica, Silvia Barrientos particip\u00f3 de un nuevo encuentro del Consejo Federal de Salud (COFESA), encabezado por el Ministro de Salud de la Naci\u00f3n Mario Lugones y dem\u00e1s representantes de Salud de todo el pa\u00eds.<\/p>\n<p>En esta oportunidad se trabajaron distintas tem\u00e1ticas y problem\u00e1ticas que surgen en el \u00e1mbito de la Salud P\u00fablica en las diferentes jurisdicciones. Uno de los temas abordados fue la vacunaci\u00f3n, haciendo hincapi\u00e9 en las vacunas del Sarampi\u00f3n y para las patolog\u00edas respiratorias.<\/p>\n<p>Al respecto, Barrientos, explic\u00f3 que \u201ctrabajamos en un diagn\u00f3stico de situaci\u00f3n sobre la vacunaci\u00f3n, en todas las provincias, haciendo hincapi\u00e9 en las vacunas de sarampi\u00f3n y de gripe H1N1 y sincitial respiratorio, se evaluaron los datos y en base a esto se trabaj\u00f3 en estrategias para generar mayor adhesi\u00f3n a la vacunaci\u00f3n\u201d.<\/p>\n<p>En este sentido, los referentes de las provincias coincidieron en el descenso de las internaciones en las terapias intensivas por patolog\u00edas respiratorias, \u201cincluso en ni\u00f1os menores de 3 a\u00f1os, es decir que el gasto que hace el estado en la compra de vacunas se observa en la mejora de la situaci\u00f3n de las internaciones\u201d se\u00f1al\u00f3 Silvia Barrientos.<\/p>\n<p>Adem\u00e1s, Barrientos, subray\u00f3 que \u201csi bien Catamarca no llega a las metas, tiene que ver con las repercusiones de falsas contraindicaciones que muchas veces se leen o se comparten en las redes sociales, la cobertura de vacunaci\u00f3n mejor\u00f3 con los operativos en los barrios\u201d.<\/p>\n<p>Durante la reuni\u00f3n, tambi\u00e9n se trabajaron sobre estrategias para incentivar a los profesionales que elijan especialidades m\u00e1s largas. En este sentido, la Secretaria destac\u00f3 que \u201cen los \u00faltimos a\u00f1os se observ\u00f3 que se eligen especialidades m\u00e1s cortas, lo que se refleja en la falta de especialistas en cirug\u00eda, cl\u00ednica, terapia intensiva que son importantes en la asistencia en salud p\u00fablica\u201d.<\/p>\n<p>Para finalizar, hizo referencia a la presentaci\u00f3n del nuevo Procedimiento de Mediaci\u00f3n Prejudicial en Materia de Salud (PROMESA) que funcionar\u00e1 en la \u00f3rbita del Ministerio de Justicia; creada mediante Decreto de Necesidad y Urgencia, esta nueva herramienta apunta a ofrecer a los ciudadanos una v\u00eda m\u00e1s expeditiva y menos costosa de resolver conflictos vinculados al acceso a prestaciones de salud.<\/p>\n","protected":false},"excerpt":{"rendered":"<p>La Secretaria de Asistencia en Salud P\u00fablica, Silvia Barrientos particip\u00f3 de un nuevo encuentro del Consejo Federal de Salud (COFESA),<\/p>\n","protected":false},"author":1,"featured_media":24664,"comment_status":"closed","ping_status":"closed","sticky":false,"template":"","format":"standard","meta":{"footnotes":"","jetpack_publicize_message":"","jetpack_publicize_feature_enabled":true,"jetpack_social_post_already_shared":true,"jetpack_social_options":{"image_generator_settings":{"template":"highway","enabled":false},"version":2}},"categories":[2],"tags":[],"class_list":["post-24663","post","type-post","status-publish","format-standard","has-post-thumbnail","hentry","category-locales"],"jetpack_publicize_connections":[],"_links":{"self":[{"href":"https:\/\/diariorepublica.com.ar\/web\/index.php\/wp-json\/wp\/v2\/posts\/24663"}],"collection":[{"href":"https:\/\/diariorepublica.com.ar\/web\/index.php\/wp-json\/wp\/v2\/posts"}],"about":[{"href":"https:\/\/diariorepublica.com.ar\/web\/index.php\/wp-json\/wp\/v2\/types\/post"}],"author":[{"embeddable":true,"href":"https:\/\/diariorepublica.com.ar\/web\/index.php\/wp-json\/wp\/v2\/users\/1"}],"replies":[{"embeddable":true,"href":"https:\/\/diariorepublica.com.ar\/web\/index.php\/wp-json\/wp\/v2\/comments?post=24663"}],"version-history":[{"count":1,"href":"https:\/\/diariorepublica.com.ar\/web\/index.php\/wp-json\/wp\/v2\/posts\/24663\/revisions"}],"predecessor-version":[{"id":24665,"href":"https:\/\/diariorepublica.com.ar\/web\/index.php\/wp-json\/wp\/v2\/posts\/24663\/revisions\/24665"}],"wp:featuredmedia":[{"embeddable":true,"href":"https:\/\/diariorepublica.com.ar\/web\/index.php\/wp-json\/wp\/v2\/media\/24664"}],"wp:attachment":[{"href":"https:\/\/diariorepublica.com.ar\/web\/index.php\/wp-json\/wp\/v2\/media?parent=24663"}],"wp:term":[{"taxonomy":"category","embeddable":true,"href":"https:\/\/diariorepublica.com.ar\/web\/index.php\/wp-json\/wp\/v2\/categories?post=24663"},{"taxonomy":"post_tag","embeddable":true,"href":"https:\/\/diariorepublica.com.ar\/web\/index.php\/wp-json\/wp\/v2\/tags?post=24663"}],"curies":[{"name":"wp","href":"https:\/\/api.w.org\/{rel}","templated":true}]}}