{"id":24666,"date":"2025-06-26T12:04:38","date_gmt":"2025-06-26T15:04:38","guid":{"rendered":"https:\/\/diariorepublica.com.ar\/web\/?p=24666"},"modified":"2025-06-26T12:04:40","modified_gmt":"2025-06-26T15:04:40","slug":"murio-rene-bertrand-a-los-53-anos","status":"publish","type":"post","link":"https:\/\/diariorepublica.com.ar\/web\/index.php\/espectaculos\/2025\/06\/26\/murio-rene-bertrand-a-los-53-anos\/","title":{"rendered":"Muri\u00f3 Rene Bertrand a los 53 a\u00f1os"},"content":{"rendered":"<p><strong>Ren\u00e9 Bertrand<\/strong>\u00a0muri\u00f3 a los 53 a\u00f1os, seg\u00fan confirm\u00f3 su madre, la actriz<strong>\u00a0Mar\u00eda Rosa Fugazot.<\/strong>\u00a0Padre de dos chicos peque\u00f1os, el actor y director falleci\u00f3 dejando un inmenso dolor a sus familiares y amigos.<\/p>\n<p><i><strong>\u00abDolor inmenso: acabo de hablar con Mar\u00eda Rosa Fugazot y me confirm\u00f3 el fallecimiento de su hijo Ren\u00e9 Bertrand\u00bb<\/strong><\/i>, escribi\u00f3 en su cuenta de X el periodista<strong>\u00a0Fede Flowers.<\/strong><\/p>\n<p><strong>Ren\u00e9 Bertrand\u00a0<\/strong>se cri\u00f3 en una familia de actores. Tanto su madre,\u00a0<strong>Mar\u00eda Rosa Fugazot<\/strong>, como el recordado\u00a0<strong>C\u00e9sar Bertrand<\/strong>, dedicaron su vida al arte. Estudi\u00f3 en el Conservatorio Nacional de Arte Dram\u00e1tico y particip\u00f3 desde la d\u00e9cada del &#8217;90 en varias producciones teatrales tanto como actor como en la direcci\u00f3n.<\/p>\n<p>Su primera aparici\u00f3n de relevancia fue en la tira\u00a0<strong>\u201cAmigos son los amigos\u201d<\/strong>\u00a0por Telefe, pero finalmente qued\u00f3 ligado a producciones de humor, formando parte de grandes producciones de\u00a0<strong>Gerardo Sofovich\u00a0<\/strong>como:<strong>\u00a0\u00abLa peluquer\u00eda de Don Mateo\u00bb o \u00abEl champ\u00e1n las pone mimosas\u00bb.<\/strong><\/p>\n<p>Casado con\u00a0<strong>Bel\u00e9n Gim\u00e9nez<\/strong>, era padre de dos chicos peque\u00f1os y\u00a0<strong>ven\u00eda atravesando una enfermedad. A ra\u00edz de un fuerte virus se origin\u00f3 el desenlace fatal e inesperado.<\/strong><\/p>\n","protected":false},"excerpt":{"rendered":"<p>Ren\u00e9 Bertrand\u00a0muri\u00f3 a los 53 a\u00f1os, seg\u00fan confirm\u00f3 su madre, la actriz\u00a0Mar\u00eda Rosa Fugazot.\u00a0Padre de dos chicos peque\u00f1os, el actor<\/p>\n","protected":false},"author":1,"featured_media":24667,"comment_status":"closed","ping_status":"closed","sticky":false,"template":"","format":"standard","meta":{"footnotes":"","jetpack_publicize_message":"","jetpack_publicize_feature_enabled":true,"jetpack_social_post_already_shared":true,"jetpack_social_options":{"image_generator_settings":{"template":"highway","enabled":false},"version":2}},"categories":[7],"tags":[],"class_list":["post-24666","post","type-post","status-publish","format-standard","has-post-thumbnail","hentry","category-espectaculos"],"jetpack_publicize_connections":[],"_links":{"self":[{"href":"https:\/\/diariorepublica.com.ar\/web\/index.php\/wp-json\/wp\/v2\/posts\/24666"}],"collection":[{"href":"https:\/\/diariorepublica.com.ar\/web\/index.php\/wp-json\/wp\/v2\/posts"}],"about":[{"href":"https:\/\/diariorepublica.com.ar\/web\/index.php\/wp-json\/wp\/v2\/types\/post"}],"author":[{"embeddable":true,"href":"https:\/\/diariorepublica.com.ar\/web\/index.php\/wp-json\/wp\/v2\/users\/1"}],"replies":[{"embeddable":true,"href":"https:\/\/diariorepublica.com.ar\/web\/index.php\/wp-json\/wp\/v2\/comments?post=24666"}],"version-history":[{"count":1,"href":"https:\/\/diariorepublica.com.ar\/web\/index.php\/wp-json\/wp\/v2\/posts\/24666\/revisions"}],"predecessor-version":[{"id":24668,"href":"https:\/\/diariorepublica.com.ar\/web\/index.php\/wp-json\/wp\/v2\/posts\/24666\/revisions\/24668"}],"wp:featuredmedia":[{"embeddable":true,"href":"https:\/\/diariorepublica.com.ar\/web\/index.php\/wp-json\/wp\/v2\/media\/24667"}],"wp:attachment":[{"href":"https:\/\/diariorepublica.com.ar\/web\/index.php\/wp-json\/wp\/v2\/media?parent=24666"}],"wp:term":[{"taxonomy":"category","embeddable":true,"href":"https:\/\/diariorepublica.com.ar\/web\/index.php\/wp-json\/wp\/v2\/categories?post=24666"},{"taxonomy":"post_tag","embeddable":true,"href":"https:\/\/diariorepublica.com.ar\/web\/index.php\/wp-json\/wp\/v2\/tags?post=24666"}],"curies":[{"name":"wp","href":"https:\/\/api.w.org\/{rel}","templated":true}]}}