{"id":2467,"date":"2023-05-05T08:24:13","date_gmt":"2023-05-05T11:24:13","guid":{"rendered":"https:\/\/diariorepublica.com.ar\/web\/?p=2467"},"modified":"2023-05-05T08:24:14","modified_gmt":"2023-05-05T11:24:14","slug":"defensa-y-justicia-fue-contundente-y-goleo-a-penarol","status":"publish","type":"post","link":"https:\/\/diariorepublica.com.ar\/web\/index.php\/deportes\/2023\/05\/05\/defensa-y-justicia-fue-contundente-y-goleo-a-penarol\/","title":{"rendered":"Defensa y Justicia fue contundente y gole\u00f3 a Pe\u00f1arol"},"content":{"rendered":"<article id=\"article-post\" class=\"first\">\n<div class=\"cuerpo\" data-twitter-link=\"https:\/\/twitter.com\/intent\/tweet?url=https:\/\/www.diariopopular.com.ar\/c712851&amp;via=poopulardiario&amp;related=Popular&amp;text=\">\n<p><strong>Defensa y Justicia gole\u00f3 4-1 a Pe\u00f1arol en el estadio Norberto &#8216;Tito&#8217; Tomaghello por la tercera fecha del grupo F de la Copa Sudamericana:<\/strong>\u00a0<strong>Agust\u00edn Sant&#8217;Anna por duplicado, Nicol\u00e1s Fern\u00e1ndez y Gast\u00f3n Togni convirtieron para el Halc\u00f3n, mientras que Sebasti\u00e1n Rodr\u00edguez<\/strong> descont\u00f3 para el Manya.<\/p>\n<\/div>\n<\/article>\n<article id=\"article-post\">\n<div class=\"cuerpo\" data-twitter-link=\"https:\/\/twitter.com\/intent\/tweet?url=https:\/\/www.diariopopular.com.ar\/c712851&amp;via=poopulardiario&amp;related=Popular&amp;text=\">\n<p><strong>Defensa tuvo dos grandes virtudes, fundamentales en el f\u00fatbol:<\/strong>\u00a0supo reinventarse con el partido en juego para sacarlo adelante, y tuvo contundencia de sobra para concretar cada una de sus chances. Y tambi\u00e9n tuvo un arquero ganador,\u00a0<strong>porque Ezequiel Unsain apareci\u00f3 cuando las papas quemaban.<\/strong><\/p>\n<div id=\"embed57_wrap\" class=\"embed_cont type_freetext\" contenteditable=\"false\">\n<div id=\"embed57_content\" class=\"embed_content\">\n<div id=\"embed57_embed\">\n<div class=\"video_container\"><iframe loading=\"lazy\" class=\"video_iframe\" src=\"https:\/\/www.youtube.com\/embed\/p1fzQEF8DYE\" width=\"100%\" height=\"360\" frameborder=\"0\" scrolling=\"no\" data-gtm-yt-inspected-11=\"true\" data-mce-fragment=\"1\"><\/iframe><\/div>\n<\/div>\n<\/div>\n<div id=\"embed57_epigrafe\" class=\"embed_epigrafe\"><\/div>\n<div id=\"embed57_copyright\" class=\"embed_copyright\"><\/div>\n<\/div>\n<p><strong>Pe\u00f1arol lo sorprendi\u00f3 con un parado t\u00e1ctico<\/strong>\u00a0que anul\u00f3 las l\u00edneas de pase del Halc\u00f3n, utilizando bien todo el ancho de la cancha, aspecto esencial para el juego que intenta llevar a cabo el equipo de Julio Vaccari. As\u00ed,\u00a0<strong>antes de los 5 minutos el Manya ya hab\u00eda generado dos chances clar\u00edsimas<\/strong>, con un remate de Sebasti\u00e1n Rodr\u00edguez que Unsain mand\u00f3 al c\u00f3rner y un disparo de Mat\u00edas Arezo que se fue por al lado del palo.<\/p>\n<p>Con el correr del reloj, Defensa se fue acomodando en la cancha y el partido se torn\u00f3 m\u00e1s trabado, ya que ninguno de los dos regalaba nada.\u00a0<strong>Hasta que Agust\u00edn Sant&#8217;Anna lo destrab\u00f3 con un golazo descomunal a los 39&#8242;, sacando un bombazo de zurda desde afuera del \u00e1rea que se clav\u00f3 en el \u00e1ngulo.<\/strong><\/p>\n<p>La magnitud del festejo resum\u00eda lo que le hab\u00eda costado al Halc\u00f3n, sobre todo tras esos sobresaltos del comienzo. Y justo antes de irse al entretiempo, el equipo local le dio otro pi\u00f1a al gigante dormido Pe\u00f1arol:\u00a0<strong>Solari desbord\u00f3 por derecha y tir\u00f3 el centro, &#8216;Uvita&#8217; Fern\u00e1ndez no pudo definir, pero s\u00ed Sant&#8217;Anna, que tras abrir la cancha se mand\u00f3 al \u00e1rea.\u00a0<\/strong>Y vaya si acert\u00f3.<\/p>\n<p>Los uruguayos reaccionaron en el segundo tiempo con un<strong>\u00a0buen remate desde lejos de Rodr\u00edguez que venci\u00f3 a Unsain<\/strong>, y retom\u00f3 ese dominio del comienzo. Pero el arquero se volvi\u00f3 a agrandar y le contuvo el empate al propio Rodr\u00edguez, que apareci\u00f3 solo en el \u00e1rea para conectar un centro. En la \u00faltima del partido, pero con el tr\u00e1mite ya resuelto, el Uno se volvi\u00f3 a lucir.<\/p>\n<p>Y a los 25&#8242;, cuando todo hac\u00eda ver que Pe\u00f1arol cada vez iba a empujar con m\u00e1s fuerza buscando la igualdad,\u00a0<strong>&#8216;Uvita&#8217; Fern\u00e1ndez le dio el golpe del knock out definiendo con calidad una excelsa jugada a puro toque del Halc\u00f3n. 10&#8242; despu\u00e9s, Togni le puso el broche a la noche con un fierrazo cruzado de zurda.<\/strong><\/p>\n<p>Hace tiempo ya que\u00a0<strong>Defensa y Justicia<\/strong>\u00a0se instal\u00f3 en las copas internacionales como competidor de peso y no respeta ni a los gigantes continentales -m\u00e1s all\u00e1 de que el Manya hace a\u00f1os que hace agua-. Con el triunfo lleg\u00f3 a 6 puntos y qued\u00f3 a tiro del l\u00edder Millonarios, que tiene 7: en la pr\u00f3xima fecha visitar\u00e1 a Am\u00e9rica de Minas Gerais. Pero antes visitar\u00e1 a San Lorenzo por la Liga Profesional.<\/p>\n<\/div>\n<\/article>\n","protected":false},"excerpt":{"rendered":"<p>Defensa y Justicia gole\u00f3 4-1 a Pe\u00f1arol en el estadio Norberto &#8216;Tito&#8217; Tomaghello por la tercera fecha del grupo F<\/p>\n","protected":false},"author":1,"featured_media":2468,"comment_status":"closed","ping_status":"closed","sticky":false,"template":"","format":"standard","meta":{"footnotes":"","jetpack_publicize_message":"","jetpack_publicize_feature_enabled":true,"jetpack_social_post_already_shared":false,"jetpack_social_options":{"image_generator_settings":{"template":"highway","enabled":false},"version":2}},"categories":[9],"tags":[],"class_list":["post-2467","post","type-post","status-publish","format-standard","has-post-thumbnail","hentry","category-deportes"],"jetpack_publicize_connections":[],"_links":{"self":[{"href":"https:\/\/diariorepublica.com.ar\/web\/index.php\/wp-json\/wp\/v2\/posts\/2467"}],"collection":[{"href":"https:\/\/diariorepublica.com.ar\/web\/index.php\/wp-json\/wp\/v2\/posts"}],"about":[{"href":"https:\/\/diariorepublica.com.ar\/web\/index.php\/wp-json\/wp\/v2\/types\/post"}],"author":[{"embeddable":true,"href":"https:\/\/diariorepublica.com.ar\/web\/index.php\/wp-json\/wp\/v2\/users\/1"}],"replies":[{"embeddable":true,"href":"https:\/\/diariorepublica.com.ar\/web\/index.php\/wp-json\/wp\/v2\/comments?post=2467"}],"version-history":[{"count":1,"href":"https:\/\/diariorepublica.com.ar\/web\/index.php\/wp-json\/wp\/v2\/posts\/2467\/revisions"}],"predecessor-version":[{"id":2469,"href":"https:\/\/diariorepublica.com.ar\/web\/index.php\/wp-json\/wp\/v2\/posts\/2467\/revisions\/2469"}],"wp:featuredmedia":[{"embeddable":true,"href":"https:\/\/diariorepublica.com.ar\/web\/index.php\/wp-json\/wp\/v2\/media\/2468"}],"wp:attachment":[{"href":"https:\/\/diariorepublica.com.ar\/web\/index.php\/wp-json\/wp\/v2\/media?parent=2467"}],"wp:term":[{"taxonomy":"category","embeddable":true,"href":"https:\/\/diariorepublica.com.ar\/web\/index.php\/wp-json\/wp\/v2\/categories?post=2467"},{"taxonomy":"post_tag","embeddable":true,"href":"https:\/\/diariorepublica.com.ar\/web\/index.php\/wp-json\/wp\/v2\/tags?post=2467"}],"curies":[{"name":"wp","href":"https:\/\/api.w.org\/{rel}","templated":true}]}}