{"id":24678,"date":"2025-06-27T06:41:00","date_gmt":"2025-06-27T09:41:00","guid":{"rendered":"https:\/\/diariorepublica.com.ar\/web\/?p=24678"},"modified":"2025-06-27T07:50:03","modified_gmt":"2025-06-27T10:50:03","slug":"la-super-cena-de-los-pilotos-de-f1-con-stefano-domenicali","status":"publish","type":"post","link":"https:\/\/diariorepublica.com.ar\/web\/index.php\/deportes\/2025\/06\/27\/la-super-cena-de-los-pilotos-de-f1-con-stefano-domenicali\/","title":{"rendered":"\u00a0La s\u00faper cena de los pilotos de F1 con Stefano Domenicali"},"content":{"rendered":"<p><b>Franco Colapinto buscar\u00e1 sus primeros puntos desde su vuelta a la F\u00f3rmula 1 con Alpine en el\u00a0Gran Premio de Austria<\/b>, su retorno al circuito donde logr\u00f3 un auspicioso segundo puesto en F2 antes de dar el salto a la categor\u00eda reina del automovilismo en reemplazo de Logan Sargent.<\/p>\n<p>En v\u00edsperas al inicio de las actividades\u00a0<b>el argentino particip\u00f3 de una comida dentro del propio Red Bull Ring en la cual participaron 19 de los 20 part\u00edcipes de la grilla junto a Stefano Domenicali<\/b>, el CEO y presidente de la categor\u00eda.<\/p>\n<p>Fue la propia cuenta de la F1 la que difundi\u00f3 la imagen, la cual curiosamente se dio enfrente de la base de Alpine, donde\u00a0<b>todos los pilotos (excepto por el ausente Lance Stroll) compartieron la cena con el mandam\u00e1s italiano<\/b>. Una rareza considerando que esta clase de encuentros entre los competidores solamente se da al final de cada temporada, a modo de despedida de la campa\u00f1a.<\/p>\n<p><b>Quien si estuvo presente fue Colapinto<\/b>, que se sent\u00f3<b>\u00a0cerca de Domenicali entre Isack Hadjar y Liam Lawson, ambos de Racing Bulls<\/b>\u00a0y con quienes tuvo numerosos duelos en pista no solo en F1 sino tambi\u00e9n en categor\u00edas previas.<\/p>\n<p>Desde su vuelta a la grilla en el Gran Premio de la Emilia Romagna en Imola s<b>e volvi\u00f3 una costumbre ver al argentino en cada evento de la F\u00f3rmula 1 fuera de las pistas junto al resto de los pilotos<\/b>.<\/p>\n<p>Evidencia de ello fue su aparici\u00f3n en la avant-premiere de la pel\u00edcula protagonizada por Brad Pitt en Nueva York, donde no solo salud\u00f3 al actor estadounidense sino que tambi\u00e9n<b>\u00a0fue parte de la foto en la cima de un rascacielos que actualmente se encuentra como portada de la cuenta de la categor\u00eda<\/b>\u00a0en X, previamente conocido como Twitter.<\/p>\n<p>tycsports.com<\/p>\n","protected":false},"excerpt":{"rendered":"<p>Franco Colapinto buscar\u00e1 sus primeros puntos desde su vuelta a la F\u00f3rmula 1 con Alpine en el\u00a0Gran Premio de Austria,<\/p>\n","protected":false},"author":1,"featured_media":24679,"comment_status":"closed","ping_status":"closed","sticky":false,"template":"","format":"standard","meta":{"footnotes":"","jetpack_publicize_message":"","jetpack_publicize_feature_enabled":true,"jetpack_social_post_already_shared":true,"jetpack_social_options":{"image_generator_settings":{"template":"highway","enabled":false},"version":2}},"categories":[9],"tags":[],"class_list":["post-24678","post","type-post","status-publish","format-standard","has-post-thumbnail","hentry","category-deportes"],"jetpack_publicize_connections":[],"_links":{"self":[{"href":"https:\/\/diariorepublica.com.ar\/web\/index.php\/wp-json\/wp\/v2\/posts\/24678"}],"collection":[{"href":"https:\/\/diariorepublica.com.ar\/web\/index.php\/wp-json\/wp\/v2\/posts"}],"about":[{"href":"https:\/\/diariorepublica.com.ar\/web\/index.php\/wp-json\/wp\/v2\/types\/post"}],"author":[{"embeddable":true,"href":"https:\/\/diariorepublica.com.ar\/web\/index.php\/wp-json\/wp\/v2\/users\/1"}],"replies":[{"embeddable":true,"href":"https:\/\/diariorepublica.com.ar\/web\/index.php\/wp-json\/wp\/v2\/comments?post=24678"}],"version-history":[{"count":1,"href":"https:\/\/diariorepublica.com.ar\/web\/index.php\/wp-json\/wp\/v2\/posts\/24678\/revisions"}],"predecessor-version":[{"id":24680,"href":"https:\/\/diariorepublica.com.ar\/web\/index.php\/wp-json\/wp\/v2\/posts\/24678\/revisions\/24680"}],"wp:featuredmedia":[{"embeddable":true,"href":"https:\/\/diariorepublica.com.ar\/web\/index.php\/wp-json\/wp\/v2\/media\/24679"}],"wp:attachment":[{"href":"https:\/\/diariorepublica.com.ar\/web\/index.php\/wp-json\/wp\/v2\/media?parent=24678"}],"wp:term":[{"taxonomy":"category","embeddable":true,"href":"https:\/\/diariorepublica.com.ar\/web\/index.php\/wp-json\/wp\/v2\/categories?post=24678"},{"taxonomy":"post_tag","embeddable":true,"href":"https:\/\/diariorepublica.com.ar\/web\/index.php\/wp-json\/wp\/v2\/tags?post=24678"}],"curies":[{"name":"wp","href":"https:\/\/api.w.org\/{rel}","templated":true}]}}