{"id":24711,"date":"2025-06-30T00:21:00","date_gmt":"2025-06-30T03:21:00","guid":{"rendered":"https:\/\/diariorepublica.com.ar\/web\/?p=24711"},"modified":"2025-06-30T07:25:54","modified_gmt":"2025-06-30T10:25:54","slug":"suspenden-las-clases-en-todas-las-escuelas-de-la-provincia","status":"publish","type":"post","link":"https:\/\/diariorepublica.com.ar\/web\/index.php\/locales\/2025\/06\/30\/suspenden-las-clases-en-todas-las-escuelas-de-la-provincia\/","title":{"rendered":"Suspenden las clases en todas las escuelas de la provincia"},"content":{"rendered":"<div class=\"data\">\n<div class=\"inner-share-bar cf\">\n<div class=\"item\"><\/div>\n<div class=\"item\"><span style=\"font-size: 15px;\">En las \u00faltimas horas, el Ministerio de Educaci\u00f3n, Ciencia y Tecnolog\u00eda anunci\u00f3 oficialmente la suspensi\u00f3n de clases en todas las escuelas p\u00fablicas de la provincia, en todos los niveles educativos, para este lunes 30 de junio.<\/span><\/div>\n<\/div>\n<\/div>\n<div class=\"txt_contenido\">\n<p>La decisi\u00f3n fue comunicada a trav\u00e9s de una circular oficial y luego confirmada en las redes sociales del Ministerio, donde se destac\u00f3 que la medida busca resguardar la salud de estudiantes, docentes y personal escolar ante las bajas temperaturas extremas.<\/p>\n<p><em>\u00abAnte las bajas temperaturas y con el objetivo de resguardar la salud de estudiantes, docentes y personal escolar, informamos que no habr\u00e1 clases en toda la provincia el lunes 30 de junio\u201d<\/em>, se\u00f1ala el comunicado oficial.<\/p>\n<p>Desde la cartera educativa aclararon que se trata de una medida preventiva, tomada en base a las recomendaciones de organismos de salud, para garantizar el bienestar de toda la comunidad educativa frente a las condiciones clim\u00e1ticas adversas.<\/p>\n<p><em>\u201cAgradecemos la comprensi\u00f3n y el compromiso de todos y todas. Seguimos trabajando por una educaci\u00f3n segura y cuidada\u201d,<\/em>\u00a0concluye el mensaje difundido.<\/p>\n<p class=\"tit\"><strong>Las Preuniversitarias tambi\u00e9n suspenden las actividades \u00e1ulicas<\/strong><\/p>\n<\/div>\n<p>La\u00a0<strong>Secretar\u00eda Acad\u00e9mica de la Universidad Nacional de Catamarca<\/strong>\u00a0informa a la comunidad educativa que, en virtud de las bajas temperaturas pronosticadas y con el objetivo de resguardar la salud de estudiantes, docentes y personal escolar,\u00a0<strong>se suspenden las actividades \u00e1ulicas en las Escuelas Preuniversitarias Fray Mamerto Esqui\u00fa \u2014en sus tres niveles: Inicial, Primario y Secundario\u2014 y en la ENET N.\u00b0 1 \u00abProf. Vicente Garc\u00eda Aguilera\u00bb, durante la jornada del d\u00eda lunes 30 de junio.<\/strong><\/p>\n<p><strong>Sistema Educativo Municipal sin actividades<\/strong><\/p>\n<p>El intendente de la Capital, Gustavo Saadi, decidi\u00f3 suspender las actividades presenciales en todos los niveles y establecimientos del Sistema Educativo Municipal, el d\u00eda lunes 30 de junio de 2025, como medida preventiva ante las bajas temperaturas registradas en la Provincia de Catamarca.<br \/>\nLa decisi\u00f3n fue adoptada ante las bajas temperaturas que se vienen registrando en todo el territorio de la Provincia de Catamarca, y la necesidad de proteger la salud del alumnado que asiste a los distintos establecimientos del Sistema Educativo Municipal.<\/p>\n<p>El decreto firmado por Saadi establece que \u201clos contenidos pedag\u00f3gicos correspondientes a la jornada suspendida podr\u00e1n ser recuperados mediante una reorganizaci\u00f3n de las tareas escolares, conforme lo determine cada instituci\u00f3n en coordinaci\u00f3n con la Secretar\u00eda de Educaci\u00f3n y Cultura\u201d.<\/p>\n","protected":false},"excerpt":{"rendered":"<p>En las \u00faltimas horas, el Ministerio de Educaci\u00f3n, Ciencia y Tecnolog\u00eda anunci\u00f3 oficialmente la suspensi\u00f3n de clases en todas las<\/p>\n","protected":false},"author":1,"featured_media":24712,"comment_status":"closed","ping_status":"closed","sticky":false,"template":"","format":"standard","meta":{"footnotes":"","jetpack_publicize_message":"","jetpack_publicize_feature_enabled":true,"jetpack_social_post_already_shared":true,"jetpack_social_options":{"image_generator_settings":{"template":"highway","enabled":false},"version":2}},"categories":[2],"tags":[],"class_list":["post-24711","post","type-post","status-publish","format-standard","has-post-thumbnail","hentry","category-locales"],"jetpack_publicize_connections":[],"_links":{"self":[{"href":"https:\/\/diariorepublica.com.ar\/web\/index.php\/wp-json\/wp\/v2\/posts\/24711"}],"collection":[{"href":"https:\/\/diariorepublica.com.ar\/web\/index.php\/wp-json\/wp\/v2\/posts"}],"about":[{"href":"https:\/\/diariorepublica.com.ar\/web\/index.php\/wp-json\/wp\/v2\/types\/post"}],"author":[{"embeddable":true,"href":"https:\/\/diariorepublica.com.ar\/web\/index.php\/wp-json\/wp\/v2\/users\/1"}],"replies":[{"embeddable":true,"href":"https:\/\/diariorepublica.com.ar\/web\/index.php\/wp-json\/wp\/v2\/comments?post=24711"}],"version-history":[{"count":1,"href":"https:\/\/diariorepublica.com.ar\/web\/index.php\/wp-json\/wp\/v2\/posts\/24711\/revisions"}],"predecessor-version":[{"id":24713,"href":"https:\/\/diariorepublica.com.ar\/web\/index.php\/wp-json\/wp\/v2\/posts\/24711\/revisions\/24713"}],"wp:featuredmedia":[{"embeddable":true,"href":"https:\/\/diariorepublica.com.ar\/web\/index.php\/wp-json\/wp\/v2\/media\/24712"}],"wp:attachment":[{"href":"https:\/\/diariorepublica.com.ar\/web\/index.php\/wp-json\/wp\/v2\/media?parent=24711"}],"wp:term":[{"taxonomy":"category","embeddable":true,"href":"https:\/\/diariorepublica.com.ar\/web\/index.php\/wp-json\/wp\/v2\/categories?post=24711"},{"taxonomy":"post_tag","embeddable":true,"href":"https:\/\/diariorepublica.com.ar\/web\/index.php\/wp-json\/wp\/v2\/tags?post=24711"}],"curies":[{"name":"wp","href":"https:\/\/api.w.org\/{rel}","templated":true}]}}