{"id":24717,"date":"2025-06-30T00:49:00","date_gmt":"2025-06-30T03:49:00","guid":{"rendered":"https:\/\/diariorepublica.com.ar\/web\/?p=24717"},"modified":"2025-06-30T07:50:35","modified_gmt":"2025-06-30T10:50:35","slug":"el-psg-aplasto-al-inter-miami-de-messi-y-se-metio-en-los-cuartos-de-final","status":"publish","type":"post","link":"https:\/\/diariorepublica.com.ar\/web\/index.php\/deportes\/2025\/06\/30\/el-psg-aplasto-al-inter-miami-de-messi-y-se-metio-en-los-cuartos-de-final\/","title":{"rendered":"El PSG aplast\u00f3 al Inter Miami de Messi y se meti\u00f3 en los cuartos de final"},"content":{"rendered":"<article id=\"article-post\" class=\"first\">\n<div class=\"cuerpo\" data-twitter-link=\"https:\/\/twitter.com\/intent\/tweet?url=https:\/\/www.diariopopular.com.ar\/c849781&amp;via=poopulardiario&amp;related=Popular&amp;text=\">\n<p>La jerarqu\u00eda del\u00a0<strong>Par\u00eds Saint Germain<\/strong>\u00a0hizo la diferencia. Fue el punto clave para presionar, recuperar la pelota, hacerla circular y generar una situaci\u00f3n tras otra. De esa manera lleg\u00f3\u00a0<strong>la goleada 4 a 0 contra el Inter Miami de\u00a0Lionel Messi<\/strong>\u00a0y el boleto a los\u00a0<strong>cuartos de final del Mundial de Clubes<\/strong>.<\/p>\n<\/div>\n<\/article>\n<article id=\"article-post\">\n<div class=\"cuerpo\" data-twitter-link=\"https:\/\/twitter.com\/intent\/tweet?url=https:\/\/www.diariopopular.com.ar\/c849781&amp;via=poopulardiario&amp;related=Popular&amp;text=\">\n<p>Como era de esperar,\u00a0<strong>el PSG fue ampliamente superior al Inter Miami<\/strong>\u00a0durante todo el encuentro, producto de la diferencia de nombres en los equipos. El campe\u00f3n de la Champions defini\u00f3 el partido en el primer tiempo. De hecho, abri\u00f3 el marcador en el inicio por\u00a0<strong>Jo\u00e3o Neves<\/strong>, que conect\u00f3 de cabeza un centro al palo lejano de\u00a0<strong>Oscar Ustari<\/strong>.<\/p>\n<div id=\"embed29_wrap\" class=\"embed_cont type_freetext\" contenteditable=\"false\">\n<div id=\"embed29_content\" class=\"embed_content\">\n<div id=\"embed29_embed\">\n<div class=\"video_container\"><iframe loading=\"lazy\" class=\"video_iframe\" src=\"https:\/\/www.youtube.com\/embed\/y3_UvpHXRhY\" width=\"100%\" height=\"360\" frameborder=\"0\" scrolling=\"no\" data-gtm-yt-inspected-14=\"true\" data-mce-fragment=\"1\"><\/iframe><\/div>\n<\/div>\n<\/div>\n<div id=\"embed29_epigrafe\" class=\"embed_epigrafe\"><\/div>\n<div id=\"embed29_copyright\" class=\"embed_copyright\"><\/div>\n<\/div>\n<p>A los 39 minutos, otra vez fue el centrocampista portugu\u00e9s el encargado de ampliar la diferencia en el duelo. Tras un error en la salida por parte del Inter Miami,\u00a0<strong>Bradley Barcola<\/strong>\u00a0le rob\u00f3 la pelota a\u00a0<strong>Tom\u00e1s Avil\u00e9s y habilit\u00f3 a Fabi\u00e1n Ruiz<\/strong>, que dej\u00f3 frente al arco a Neves para que\u00a0<strong>empujara el bal\u00f3n al fondo de la red<\/strong>.<\/p>\n<p>Sobre el cierre de la etapa inicial, el equipo de Messi sufri\u00f3 dos goles m\u00e1s en cuatro minutos. Primero,\u00a0<strong>D\u00e9sir\u00e9 Dou\u00e9<\/strong>\u00a0envi\u00f3 un centro desde la derecha que termin\u00f3 impactando en el propio Avil\u00e9s y se meti\u00f3 dentro del arco. Luego,\u00a0<strong>Vitinha<\/strong>\u00a0mand\u00f3 un pase preciso a espaldas de la defensa dentro del \u00e1rea para\u00a0<strong>Barcola<\/strong>, que habilit\u00f3 a\u00a0<strong>Hakimi<\/strong>\u00a0para que el marroqu\u00ed convirtiera el 4-0 parcial al descanso.<\/p>\n<p>En el complemento,\u00a0<strong>los dirigidos por Luis Enrique sacaron el pie del acelerador<\/strong>\u00a0y el DT modific\u00f3 el esquema, d\u00e1ndole ingreso a varios delanteros en lugar de mediocampistas y defensores. De esta manera, el conjunto de\u00a0<strong>Javier Mascherano<\/strong>\u00a0encontr\u00f3 mayores espacios para generar peligro y pisar el \u00e1rea rival.<\/p>\n<div id=\"753366-Libre-694440468_wrap\" class=\"embed_cont type_imagen\" contenteditable=\"false\"><\/div>\n<\/div>\n<\/article>\n","protected":false},"excerpt":{"rendered":"<p>La jerarqu\u00eda del\u00a0Par\u00eds Saint Germain\u00a0hizo la diferencia. Fue el punto clave para presionar, recuperar la pelota, hacerla circular y generar<\/p>\n","protected":false},"author":1,"featured_media":24718,"comment_status":"closed","ping_status":"closed","sticky":false,"template":"","format":"standard","meta":{"footnotes":"","jetpack_publicize_message":"","jetpack_publicize_feature_enabled":true,"jetpack_social_post_already_shared":true,"jetpack_social_options":{"image_generator_settings":{"template":"highway","enabled":false},"version":2}},"categories":[9],"tags":[],"class_list":["post-24717","post","type-post","status-publish","format-standard","has-post-thumbnail","hentry","category-deportes"],"jetpack_publicize_connections":[],"_links":{"self":[{"href":"https:\/\/diariorepublica.com.ar\/web\/index.php\/wp-json\/wp\/v2\/posts\/24717"}],"collection":[{"href":"https:\/\/diariorepublica.com.ar\/web\/index.php\/wp-json\/wp\/v2\/posts"}],"about":[{"href":"https:\/\/diariorepublica.com.ar\/web\/index.php\/wp-json\/wp\/v2\/types\/post"}],"author":[{"embeddable":true,"href":"https:\/\/diariorepublica.com.ar\/web\/index.php\/wp-json\/wp\/v2\/users\/1"}],"replies":[{"embeddable":true,"href":"https:\/\/diariorepublica.com.ar\/web\/index.php\/wp-json\/wp\/v2\/comments?post=24717"}],"version-history":[{"count":1,"href":"https:\/\/diariorepublica.com.ar\/web\/index.php\/wp-json\/wp\/v2\/posts\/24717\/revisions"}],"predecessor-version":[{"id":24719,"href":"https:\/\/diariorepublica.com.ar\/web\/index.php\/wp-json\/wp\/v2\/posts\/24717\/revisions\/24719"}],"wp:featuredmedia":[{"embeddable":true,"href":"https:\/\/diariorepublica.com.ar\/web\/index.php\/wp-json\/wp\/v2\/media\/24718"}],"wp:attachment":[{"href":"https:\/\/diariorepublica.com.ar\/web\/index.php\/wp-json\/wp\/v2\/media?parent=24717"}],"wp:term":[{"taxonomy":"category","embeddable":true,"href":"https:\/\/diariorepublica.com.ar\/web\/index.php\/wp-json\/wp\/v2\/categories?post=24717"},{"taxonomy":"post_tag","embeddable":true,"href":"https:\/\/diariorepublica.com.ar\/web\/index.php\/wp-json\/wp\/v2\/tags?post=24717"}],"curies":[{"name":"wp","href":"https:\/\/api.w.org\/{rel}","templated":true}]}}