{"id":24744,"date":"2025-07-01T07:36:00","date_gmt":"2025-07-01T10:36:00","guid":{"rendered":"https:\/\/diariorepublica.com.ar\/web\/?p=24744"},"modified":"2025-07-01T09:37:39","modified_gmt":"2025-07-01T12:37:39","slug":"hicimos-un-buen-partido-dijo-guardiola-tras-la-caida-del-manchester-city-ante-el-al-hilai","status":"publish","type":"post","link":"https:\/\/diariorepublica.com.ar\/web\/index.php\/deportes\/2025\/07\/01\/hicimos-un-buen-partido-dijo-guardiola-tras-la-caida-del-manchester-city-ante-el-al-hilai\/","title":{"rendered":"\u00abHicimos un buen partido\u00bb, dijo Guardiola tras la ca\u00edda del Manchester City ante el Al Hilai"},"content":{"rendered":"<p>El entrenador del Manchester City, Pep Guardiola, se mostr\u00f3 decepcionado por quedar fuera del Mundial de Clubes con la inesperada derrota del lunes frente a Al Hilal por 4-3 en la pr\u00f3rroga.<\/p>\n<p>\u00abEs una pena porque hicimos un viaje incre\u00edble juntos (&#8230;) Fuimos felices aqu\u00ed\u00bb, dijo el t\u00e9cnico espa\u00f1ol tras la despedida de su equipo en los octavos de final.<\/p>\n<p>En este torneo, reiter\u00f3 Guardiola, se ha podido ver una reacci\u00f3n de sus jugadores despu\u00e9s de una decepcionante temporada en la que el City se qued\u00f3 inusualmente sin t\u00edtulos.<\/p>\n<p>\u00abVi muchas cosas buenas que no ve\u00eda en el pasado\u00bb, apunt\u00f3 el t\u00e9cnico en la conferencia de prensa en el estadio Camping World de Orlando (Florida). \u00abEl equipo lo est\u00e1 haciendo bien, el ambiente fue muy bueno (&#8230;) Ahora nos vamos a casa y descansaremos para la pr\u00f3xima temporada\u00bb.<\/p>\n<p>\u00abSiendo honesto, creo que hicimos un buen partido\u00bb, afirm\u00f3 Guardiola tras el trepidante duelo de ida y vuelta ante Al Hilal definido por un gol de Marcos Leonardo en el minuto 112.<\/p>\n<p>\u00abEn estas instancias los partidos siempre son dif\u00edciles\u00bb, se\u00f1al\u00f3. \u00abNos castigaron en las transiciones. Estuvimos demasiado abiertos y sus transiciones fueron muy r\u00e1pidas, hay que reconoc\u00e9rselo\u00bb.<\/p>\n<p>\u00abNosotros creamos tantas ocasiones que ten\u00eda la sensaci\u00f3n de que pod\u00edamos avanzar (&#8230;) Pero Bono hizo paradas incre\u00edbles. No hay nada que decir\u00bb, admiti\u00f3.<\/p>\n<p>Guardiola tambi\u00e9n explic\u00f3 la sustituci\u00f3n de su estrella Erling Haaland, autor de uno de los goles, antes del inicio de la pr\u00f3rroga.<\/p>\n<p>\u00abEstaba muy cansado y me pidi\u00f3 el cambio\u00bb, dijo el t\u00e9cnico sobre el ariete noruego.<\/p>\n","protected":false},"excerpt":{"rendered":"<p>El entrenador del Manchester City, Pep Guardiola, se mostr\u00f3 decepcionado por quedar fuera del Mundial de Clubes con la inesperada<\/p>\n","protected":false},"author":1,"featured_media":24745,"comment_status":"closed","ping_status":"closed","sticky":false,"template":"","format":"standard","meta":{"footnotes":"","jetpack_publicize_message":"","jetpack_publicize_feature_enabled":true,"jetpack_social_post_already_shared":true,"jetpack_social_options":{"image_generator_settings":{"template":"highway","enabled":false},"version":2}},"categories":[9],"tags":[],"class_list":["post-24744","post","type-post","status-publish","format-standard","has-post-thumbnail","hentry","category-deportes"],"jetpack_publicize_connections":[],"_links":{"self":[{"href":"https:\/\/diariorepublica.com.ar\/web\/index.php\/wp-json\/wp\/v2\/posts\/24744"}],"collection":[{"href":"https:\/\/diariorepublica.com.ar\/web\/index.php\/wp-json\/wp\/v2\/posts"}],"about":[{"href":"https:\/\/diariorepublica.com.ar\/web\/index.php\/wp-json\/wp\/v2\/types\/post"}],"author":[{"embeddable":true,"href":"https:\/\/diariorepublica.com.ar\/web\/index.php\/wp-json\/wp\/v2\/users\/1"}],"replies":[{"embeddable":true,"href":"https:\/\/diariorepublica.com.ar\/web\/index.php\/wp-json\/wp\/v2\/comments?post=24744"}],"version-history":[{"count":1,"href":"https:\/\/diariorepublica.com.ar\/web\/index.php\/wp-json\/wp\/v2\/posts\/24744\/revisions"}],"predecessor-version":[{"id":24746,"href":"https:\/\/diariorepublica.com.ar\/web\/index.php\/wp-json\/wp\/v2\/posts\/24744\/revisions\/24746"}],"wp:featuredmedia":[{"embeddable":true,"href":"https:\/\/diariorepublica.com.ar\/web\/index.php\/wp-json\/wp\/v2\/media\/24745"}],"wp:attachment":[{"href":"https:\/\/diariorepublica.com.ar\/web\/index.php\/wp-json\/wp\/v2\/media?parent=24744"}],"wp:term":[{"taxonomy":"category","embeddable":true,"href":"https:\/\/diariorepublica.com.ar\/web\/index.php\/wp-json\/wp\/v2\/categories?post=24744"},{"taxonomy":"post_tag","embeddable":true,"href":"https:\/\/diariorepublica.com.ar\/web\/index.php\/wp-json\/wp\/v2\/tags?post=24744"}],"curies":[{"name":"wp","href":"https:\/\/api.w.org\/{rel}","templated":true}]}}