{"id":24833,"date":"2025-07-03T00:39:00","date_gmt":"2025-07-03T03:39:00","guid":{"rendered":"https:\/\/diariorepublica.com.ar\/web\/?p=24833"},"modified":"2025-07-03T07:40:50","modified_gmt":"2025-07-03T10:40:50","slug":"asuntos-constitucionales-del-senado-entrevisto-a-nuevos-postulantes-para-cargos-judiciales","status":"publish","type":"post","link":"https:\/\/diariorepublica.com.ar\/web\/index.php\/locales\/2025\/07\/03\/asuntos-constitucionales-del-senado-entrevisto-a-nuevos-postulantes-para-cargos-judiciales\/","title":{"rendered":"Asuntos Constitucionales del Senado entrevist\u00f3 a nuevos postulantes para cargos judiciales"},"content":{"rendered":"<p>La Comisi\u00f3n de Asuntos Constitucionales, Peticiones y Poderes del Senado de Catamarca, presidida por la senadora Virginia Del Arco ampliada al resto de legisladores, se reuni\u00f3 este mi\u00e9rcoles para avanzar con el proceso de an\u00e1lisis de pliegos enviados por el Poder Ejecutivo, correspondientes a nuevas designaciones en el Poder Judicial de la Provincia.<\/p>\n<p>Durante la jornada, se llevaron a cabo entrevistas a las y los profesionales propuestos para cubrir distintos cargos en distintas circunscripciones judiciales del territorio provincial.<\/p>\n<p>Entre las postulaciones elevadas se encuentran: el Dr. Fernando Luis Adet Caldelari, propuesto para desempe\u00f1arse como Fiscal de Primera Instancia en lo Civil para la Primera Circunscripci\u00f3n Judicial; el Dr. Aldo Sebasti\u00e1n Vergara Duveaux, propuesto para el cargo de Defensor General para la Tercera Circunscripci\u00f3n Judicial; y la Dra. Karina Ivone Naame, postulada para ocupar el cargo de Jueza de Primera Instancia en lo Civil, Comercial y Familia con competencia en la Segunda, Tercera, Cuarta, Quinta y Sexta Circunscripci\u00f3n Judicial.<\/p>\n<p>Adem\u00e1s de la presidenta de la Comisi\u00f3n, participaron del encuentro las y los senadores Soledad Blas, Ariel Cordero, Horacio Guti\u00e9rrez, Mario Gershani y Ram\u00f3n Figueroa Castellanos.<\/p>\n<p>Finalizadas las entrevistas, la Comisi\u00f3n continuar\u00e1 con el an\u00e1lisis correspondiente para la emisi\u00f3n de los dict\u00e1menes que ser\u00e1n elevados al pleno del Senado para su tratamiento<\/p>\n","protected":false},"excerpt":{"rendered":"<p>La Comisi\u00f3n de Asuntos Constitucionales, Peticiones y Poderes del Senado de Catamarca, presidida por la senadora Virginia Del Arco ampliada<\/p>\n","protected":false},"author":1,"featured_media":24834,"comment_status":"closed","ping_status":"closed","sticky":false,"template":"","format":"standard","meta":{"footnotes":"","jetpack_publicize_message":"","jetpack_publicize_feature_enabled":true,"jetpack_social_post_already_shared":true,"jetpack_social_options":{"image_generator_settings":{"template":"highway","enabled":false},"version":2}},"categories":[2],"tags":[],"class_list":["post-24833","post","type-post","status-publish","format-standard","has-post-thumbnail","hentry","category-locales"],"jetpack_publicize_connections":[],"_links":{"self":[{"href":"https:\/\/diariorepublica.com.ar\/web\/index.php\/wp-json\/wp\/v2\/posts\/24833"}],"collection":[{"href":"https:\/\/diariorepublica.com.ar\/web\/index.php\/wp-json\/wp\/v2\/posts"}],"about":[{"href":"https:\/\/diariorepublica.com.ar\/web\/index.php\/wp-json\/wp\/v2\/types\/post"}],"author":[{"embeddable":true,"href":"https:\/\/diariorepublica.com.ar\/web\/index.php\/wp-json\/wp\/v2\/users\/1"}],"replies":[{"embeddable":true,"href":"https:\/\/diariorepublica.com.ar\/web\/index.php\/wp-json\/wp\/v2\/comments?post=24833"}],"version-history":[{"count":1,"href":"https:\/\/diariorepublica.com.ar\/web\/index.php\/wp-json\/wp\/v2\/posts\/24833\/revisions"}],"predecessor-version":[{"id":24835,"href":"https:\/\/diariorepublica.com.ar\/web\/index.php\/wp-json\/wp\/v2\/posts\/24833\/revisions\/24835"}],"wp:featuredmedia":[{"embeddable":true,"href":"https:\/\/diariorepublica.com.ar\/web\/index.php\/wp-json\/wp\/v2\/media\/24834"}],"wp:attachment":[{"href":"https:\/\/diariorepublica.com.ar\/web\/index.php\/wp-json\/wp\/v2\/media?parent=24833"}],"wp:term":[{"taxonomy":"category","embeddable":true,"href":"https:\/\/diariorepublica.com.ar\/web\/index.php\/wp-json\/wp\/v2\/categories?post=24833"},{"taxonomy":"post_tag","embeddable":true,"href":"https:\/\/diariorepublica.com.ar\/web\/index.php\/wp-json\/wp\/v2\/tags?post=24833"}],"curies":[{"name":"wp","href":"https:\/\/api.w.org\/{rel}","templated":true}]}}