{"id":24848,"date":"2025-07-03T08:08:37","date_gmt":"2025-07-03T11:08:37","guid":{"rendered":"https:\/\/diariorepublica.com.ar\/web\/?p=24848"},"modified":"2025-07-03T08:08:39","modified_gmt":"2025-07-03T11:08:39","slug":"en-octubre-podemos-terminar-con-el-castigo-del-kirchnerismo-la-reaccion-de-milei-a-la-polemica-en-diputados","status":"publish","type":"post","link":"https:\/\/diariorepublica.com.ar\/web\/index.php\/politica\/2025\/07\/03\/en-octubre-podemos-terminar-con-el-castigo-del-kirchnerismo-la-reaccion-de-milei-a-la-polemica-en-diputados\/","title":{"rendered":"\u201cEn octubre podemos terminar con el castigo del kirchnerismo\u201d: la reacci\u00f3n de Milei a la pol\u00e9mica en Diputados"},"content":{"rendered":"<p>El presidente\u00a0<strong>Javier Milei<\/strong>\u00a0llam\u00f3 a\u00a0<strong>\u201cterminar con el castigo social\u201d\u00a0<\/strong>del kirchnerismo en las elecciones legislativas de octubre, al hacerse eco de\u00a0la pol\u00e9mica en la C\u00e1mara de Diputados que culmin\u00f3 con el levantamiento de la sesi\u00f3n.<\/p>\n<p>\u201cEn octubre podemos terminar con ese castigo social sobre los argentinos de bien llamado kichnerismo\u201d, sostuvo Milei desde sus redes sociales, donde respald\u00f3 al diputado libertario<strong>\u00a0Jos\u00e9 Luis Espert<\/strong>\u00a0ante los gritos e improperios de los que fue objetivo por parte de diputadas de Uni\u00f3n por la Patria (UxP).<\/p>\n<p>La sesi\u00f3n en la C\u00e1mara de Diputados se suspendi\u00f3 estrepitosamente luego de que un grupo de legisladoras peronistas, furiosas con Espert por sus exabruptos permanentes contra mujeres de la oposici\u00f3n, se levantaran de sus bancas y le salieran al humo, lo que ocasion\u00f3 un descontrol generalizado.<\/p>\n<figure class=\"multimedia\" data-html=\"\" data-tadevel-template=\"web\/multimedia\" data-type=\"rich\" data-url=\"https:\/\/twitter.com\/JMilei\/status\/1940513275269337484\">\n<div class=\"content\"><iframe src=\"https:\/\/alpha-app.tadevel-cdn.com\/hostname\/noticiasargentinas.com\/api\/v1\/sandbox\/PGJsb2NrcXVvdGUgY2xhc3M9InR3aXR0ZXItdHdlZXQiPjxwIGxhbmc9ImVzIiBkaXI9Imx0ciI%2BRU4gT0NUVUJSRSBQT0RFTU9TIFRFUk1JTkFSIENPTiBFU0UgQ0FTVElHTyBTT0NJQUwgU09CUkUgTE9TIEFSR0VOVElOT1MgREUgQklFTiBMTEFNQURPIEtJUkNITkVSSVNNTy4uLiA8YSBocmVmPSJodHRwczovL3QuY28vSG9oMWtHaW00SCI%2BaHR0cHM6Ly90LmNvL0hvaDFrR2ltNEg8L2E%2BPC9wPiZtZGFzaDsgSmF2aWVyIE1pbGVpIChASk1pbGVpKSA8YSBocmVmPSJodHRwczovL3R3aXR0ZXIuY29tL0pNaWxlaS9zdGF0dXMvMTk0MDUxMzI3NTI2OTMzNzQ4ND9yZWZfc3JjPXR3c3JjJTVFdGZ3Ij5KdWx5IDIsIDIwMjU8L2E%2BPC9ibG9ja3F1b3RlPgo8c2NyaXB0IGFzeW5jIHNyYz0iaHR0cHM6Ly9wbGF0Zm9ybS50d2l0dGVyLmNvbS93aWRnZXRzLmpzIiBjaGFyc2V0PSJ1dGYtOCI%2BPC9zY3JpcHQ%2BCgo%3D?v=c3b672db761e892d4aff4f211ea54e2b&amp;s=fc30e747ddc39a3ccec03476762d7d65\" scrolling=\"no\" sandbox=\"allow-scripts allow-forms allow-same-origin allow-popups allow-popups-to-escape-sandbox\" data-mce-fragment=\"1\"><\/iframe><\/div><figcaption class=\"caption\">\n<div class=\"description\">X de Javier Milei<\/div>\n<div class=\"attribution\"><\/div>\n<\/figcaption><\/figure>\n<p><strong>\u201cEste es el kirchnerismo\u201d<\/strong>, se defendi\u00f3 Espert desde sus redes sociales, en un mensaje que fue replicado por el mandatario.<\/p>\n<p>Mientras tanto, la causa que investiga amenazas y un ataque vand\u00e1lico sobre el domicilio de Espert sum\u00f3 este mi\u00e9rcoles cuatro detenciones, entre ellas la de una funcionaria del municipio de Quilmes, por lo que crece el repudio en el peronismo.<\/p>\n<p>NA<\/p>\n","protected":false},"excerpt":{"rendered":"<p>El presidente\u00a0Javier Milei\u00a0llam\u00f3 a\u00a0\u201cterminar con el castigo social\u201d\u00a0del kirchnerismo en las elecciones legislativas de octubre, al hacerse eco de\u00a0la pol\u00e9mica<\/p>\n","protected":false},"author":1,"featured_media":24849,"comment_status":"closed","ping_status":"closed","sticky":false,"template":"","format":"standard","meta":{"footnotes":"","jetpack_publicize_message":"","jetpack_publicize_feature_enabled":true,"jetpack_social_post_already_shared":true,"jetpack_social_options":{"image_generator_settings":{"template":"highway","enabled":false},"version":2}},"categories":[12],"tags":[],"class_list":["post-24848","post","type-post","status-publish","format-standard","has-post-thumbnail","hentry","category-politica"],"jetpack_publicize_connections":[],"_links":{"self":[{"href":"https:\/\/diariorepublica.com.ar\/web\/index.php\/wp-json\/wp\/v2\/posts\/24848"}],"collection":[{"href":"https:\/\/diariorepublica.com.ar\/web\/index.php\/wp-json\/wp\/v2\/posts"}],"about":[{"href":"https:\/\/diariorepublica.com.ar\/web\/index.php\/wp-json\/wp\/v2\/types\/post"}],"author":[{"embeddable":true,"href":"https:\/\/diariorepublica.com.ar\/web\/index.php\/wp-json\/wp\/v2\/users\/1"}],"replies":[{"embeddable":true,"href":"https:\/\/diariorepublica.com.ar\/web\/index.php\/wp-json\/wp\/v2\/comments?post=24848"}],"version-history":[{"count":1,"href":"https:\/\/diariorepublica.com.ar\/web\/index.php\/wp-json\/wp\/v2\/posts\/24848\/revisions"}],"predecessor-version":[{"id":24850,"href":"https:\/\/diariorepublica.com.ar\/web\/index.php\/wp-json\/wp\/v2\/posts\/24848\/revisions\/24850"}],"wp:featuredmedia":[{"embeddable":true,"href":"https:\/\/diariorepublica.com.ar\/web\/index.php\/wp-json\/wp\/v2\/media\/24849"}],"wp:attachment":[{"href":"https:\/\/diariorepublica.com.ar\/web\/index.php\/wp-json\/wp\/v2\/media?parent=24848"}],"wp:term":[{"taxonomy":"category","embeddable":true,"href":"https:\/\/diariorepublica.com.ar\/web\/index.php\/wp-json\/wp\/v2\/categories?post=24848"},{"taxonomy":"post_tag","embeddable":true,"href":"https:\/\/diariorepublica.com.ar\/web\/index.php\/wp-json\/wp\/v2\/tags?post=24848"}],"curies":[{"name":"wp","href":"https:\/\/api.w.org\/{rel}","templated":true}]}}