{"id":24854,"date":"2025-07-03T10:20:32","date_gmt":"2025-07-03T13:20:32","guid":{"rendered":"https:\/\/diariorepublica.com.ar\/web\/?p=24854"},"modified":"2025-07-03T10:20:34","modified_gmt":"2025-07-03T13:20:34","slug":"en-un-confuso-episodio-empleado-municipal-fue-herido-con-un-arma-de-fuego","status":"publish","type":"post","link":"https:\/\/diariorepublica.com.ar\/web\/index.php\/sociedad\/2025\/07\/03\/en-un-confuso-episodio-empleado-municipal-fue-herido-con-un-arma-de-fuego\/","title":{"rendered":"En un confuso episodio, empleado municipal fue herido con un arma de fuego"},"content":{"rendered":"<p>La Unidad Judicial N\u00b02 y el fiscal de turno del Distrito Sur investigan un grave hecho ocurrido minutos antes de las 8 de la ma\u00f1ana de este jueves en el predio de Obras P\u00fablicas de la comuna capitalina, ubicado sobre la avenida Hip\u00f3lito Yrigoyen, entre las calles Santa Fe y Florida.<\/p>\n<p>Seg\u00fan informaci\u00f3n oficial, uno de los operarios habr\u00eda llevado un arma de fuego al lugar de trabajo y, mientras la manipulaba en presencia de otros compa\u00f1eros, se produjo un disparo accidental que impact\u00f3 en la pierna de otro trabajador.<\/p>\n<p>Inmediatamente, se convoc\u00f3 al personal del SAME, que traslad\u00f3 al herido de urgencia al Hospital San Juan Bautista. En principio, el estado de salud del operario no revestir\u00eda gravedad, aunque permanece internado en la sala de Urgencias para observaci\u00f3n.<\/p>\n<p>El propietario del arma permanece en el lugar bajo custodia policial, por disposici\u00f3n del fiscal interviniente. Adem\u00e1s, se solicit\u00f3 la intervenci\u00f3n del personal de Criminal\u00edstica para el secuestro del arma y la realizaci\u00f3n de las pericias correspondientes.<\/p>\n","protected":false},"excerpt":{"rendered":"<p>La Unidad Judicial N\u00b02 y el fiscal de turno del Distrito Sur investigan un grave hecho ocurrido minutos antes de<\/p>\n","protected":false},"author":1,"featured_media":24855,"comment_status":"closed","ping_status":"closed","sticky":false,"template":"","format":"standard","meta":{"footnotes":"","jetpack_publicize_message":"","jetpack_publicize_feature_enabled":true,"jetpack_social_post_already_shared":true,"jetpack_social_options":{"image_generator_settings":{"template":"highway","enabled":false},"version":2}},"categories":[3],"tags":[],"class_list":["post-24854","post","type-post","status-publish","format-standard","has-post-thumbnail","hentry","category-sociedad"],"jetpack_publicize_connections":[],"_links":{"self":[{"href":"https:\/\/diariorepublica.com.ar\/web\/index.php\/wp-json\/wp\/v2\/posts\/24854"}],"collection":[{"href":"https:\/\/diariorepublica.com.ar\/web\/index.php\/wp-json\/wp\/v2\/posts"}],"about":[{"href":"https:\/\/diariorepublica.com.ar\/web\/index.php\/wp-json\/wp\/v2\/types\/post"}],"author":[{"embeddable":true,"href":"https:\/\/diariorepublica.com.ar\/web\/index.php\/wp-json\/wp\/v2\/users\/1"}],"replies":[{"embeddable":true,"href":"https:\/\/diariorepublica.com.ar\/web\/index.php\/wp-json\/wp\/v2\/comments?post=24854"}],"version-history":[{"count":1,"href":"https:\/\/diariorepublica.com.ar\/web\/index.php\/wp-json\/wp\/v2\/posts\/24854\/revisions"}],"predecessor-version":[{"id":24856,"href":"https:\/\/diariorepublica.com.ar\/web\/index.php\/wp-json\/wp\/v2\/posts\/24854\/revisions\/24856"}],"wp:featuredmedia":[{"embeddable":true,"href":"https:\/\/diariorepublica.com.ar\/web\/index.php\/wp-json\/wp\/v2\/media\/24855"}],"wp:attachment":[{"href":"https:\/\/diariorepublica.com.ar\/web\/index.php\/wp-json\/wp\/v2\/media?parent=24854"}],"wp:term":[{"taxonomy":"category","embeddable":true,"href":"https:\/\/diariorepublica.com.ar\/web\/index.php\/wp-json\/wp\/v2\/categories?post=24854"},{"taxonomy":"post_tag","embeddable":true,"href":"https:\/\/diariorepublica.com.ar\/web\/index.php\/wp-json\/wp\/v2\/tags?post=24854"}],"curies":[{"name":"wp","href":"https:\/\/api.w.org\/{rel}","templated":true}]}}