{"id":24857,"date":"2025-07-03T10:22:11","date_gmt":"2025-07-03T13:22:11","guid":{"rendered":"https:\/\/diariorepublica.com.ar\/web\/?p=24857"},"modified":"2025-07-03T10:22:12","modified_gmt":"2025-07-03T13:22:12","slug":"cumbre-del-mercosur-javier-milei-encabeza-reunion-con-mandatarios-y-traspasa-mando-a-brasil","status":"publish","type":"post","link":"https:\/\/diariorepublica.com.ar\/web\/index.php\/politica\/2025\/07\/03\/cumbre-del-mercosur-javier-milei-encabeza-reunion-con-mandatarios-y-traspasa-mando-a-brasil\/","title":{"rendered":"Cumbre del Mercosur: Javier Milei encabeza reuni\u00f3n con mandatarios y traspasa mando a Brasil"},"content":{"rendered":"<p>El presidente Javier Milei encabeza la Cumbre de Jefes de Estado de los pa\u00edses miembros del Mercosur, un c\u00f3nclave marcado por las diferencias pol\u00edticas entre Argentina y Brasil -a quien el Gobierno deber\u00e1 ceder la presidencia pro t\u00e9mpore del bloque- y la negociaci\u00f3n en torno a los aranceles.<\/p>\n<p>Las diferentes delegaciones arribaron al Palacio San Mart\u00edn, sede de Canciller\u00eda ubicada en el barrio porte\u00f1o de Retiro, en medio de un fuerte operativo de seguridad. All\u00ed, Milei les dio la bienvenida junto al canciller Gerardo Werthein y la Secretaria de Presidencia, Karina Milei.<\/p>\n","protected":false},"excerpt":{"rendered":"<p>El presidente Javier Milei encabeza la Cumbre de Jefes de Estado de los pa\u00edses miembros del Mercosur, un c\u00f3nclave marcado<\/p>\n","protected":false},"author":1,"featured_media":24858,"comment_status":"closed","ping_status":"closed","sticky":false,"template":"","format":"standard","meta":{"footnotes":"","jetpack_publicize_message":"","jetpack_publicize_feature_enabled":true,"jetpack_social_post_already_shared":true,"jetpack_social_options":{"image_generator_settings":{"template":"highway","enabled":false},"version":2}},"categories":[12],"tags":[],"class_list":["post-24857","post","type-post","status-publish","format-standard","has-post-thumbnail","hentry","category-politica"],"jetpack_publicize_connections":[],"_links":{"self":[{"href":"https:\/\/diariorepublica.com.ar\/web\/index.php\/wp-json\/wp\/v2\/posts\/24857"}],"collection":[{"href":"https:\/\/diariorepublica.com.ar\/web\/index.php\/wp-json\/wp\/v2\/posts"}],"about":[{"href":"https:\/\/diariorepublica.com.ar\/web\/index.php\/wp-json\/wp\/v2\/types\/post"}],"author":[{"embeddable":true,"href":"https:\/\/diariorepublica.com.ar\/web\/index.php\/wp-json\/wp\/v2\/users\/1"}],"replies":[{"embeddable":true,"href":"https:\/\/diariorepublica.com.ar\/web\/index.php\/wp-json\/wp\/v2\/comments?post=24857"}],"version-history":[{"count":1,"href":"https:\/\/diariorepublica.com.ar\/web\/index.php\/wp-json\/wp\/v2\/posts\/24857\/revisions"}],"predecessor-version":[{"id":24859,"href":"https:\/\/diariorepublica.com.ar\/web\/index.php\/wp-json\/wp\/v2\/posts\/24857\/revisions\/24859"}],"wp:featuredmedia":[{"embeddable":true,"href":"https:\/\/diariorepublica.com.ar\/web\/index.php\/wp-json\/wp\/v2\/media\/24858"}],"wp:attachment":[{"href":"https:\/\/diariorepublica.com.ar\/web\/index.php\/wp-json\/wp\/v2\/media?parent=24857"}],"wp:term":[{"taxonomy":"category","embeddable":true,"href":"https:\/\/diariorepublica.com.ar\/web\/index.php\/wp-json\/wp\/v2\/categories?post=24857"},{"taxonomy":"post_tag","embeddable":true,"href":"https:\/\/diariorepublica.com.ar\/web\/index.php\/wp-json\/wp\/v2\/tags?post=24857"}],"curies":[{"name":"wp","href":"https:\/\/api.w.org\/{rel}","templated":true}]}}