{"id":24873,"date":"2025-07-07T00:06:00","date_gmt":"2025-07-07T03:06:00","guid":{"rendered":"https:\/\/diariorepublica.com.ar\/web\/?p=24873"},"modified":"2025-07-07T07:58:03","modified_gmt":"2025-07-07T10:58:03","slug":"tapia-y-coello-se-coronaron-campeones-en-burdeos","status":"publish","type":"post","link":"https:\/\/diariorepublica.com.ar\/web\/index.php\/deportes\/2025\/07\/07\/tapia-y-coello-se-coronaron-campeones-en-burdeos\/","title":{"rendered":"Tapia y  Coello se coronaron campeones en Burdeos"},"content":{"rendered":"<p>Agust\u00edn Tapia y Arturo Coello se consagraron campeones del\u00a0<strong>Bordeaux Premier Padel P2<\/strong>\u00a0tras imponerse este domingo a\u00a0<strong>Alejandro Gal\u00e1n y Fede Chingotto<\/strong>\u00a0por 7-6(12) y 6-4 en una final vibrante que reedita el duelo que ambas parejas protagonizaron en Roma tres semanas atr\u00e1s.<\/p>\n<p>En aquella ocasi\u00f3n, Gal\u00e1n y Chingotto n\u00famero dos del mundo se hab\u00edan impuesto a los l\u00edderes del circuito, pero en esta oportunidad fueron\u00a0<strong>Tapia y Coello quienes se cobraron revancha<\/strong>\u00a0y reafirmaron por qu\u00e9 dominan el p\u00e1del internacional.<\/p>\n<p>El encuentro comenz\u00f3 parejo, con ambas parejas quebrando el servicio del rival en los primeros juegos. Tapia y Coello tomaron la delantera al romper el saque en el tercer game, aunque r\u00e1pidamente Gal\u00e1n y Chingotto lograron igualar en 3-3. El primer set se defini\u00f3 en un\u00a0<strong>ajustado tie-break<\/strong>, que se inclin\u00f3 finalmente a favor de los n\u00famero uno tras un 7-6(12) de alto voltaje.<\/p>\n<p>En el segundo parcial, Gal\u00e1n y Chingotto golpearon primero y se pusieron 4-2 arriba, con la esperanza de forzar un tercer set. Sin embargo, Tapia y Coello reaccionaron con contundencia: encadenaron\u00a0<strong>cuatro juegos consecutivos<\/strong>\u00a0y sellaron el triunfo por 6-4, marcando diferencias especialmente en la estad\u00edstica de errores no forzados, donde se mostraron m\u00e1s s\u00f3lidos.<\/p>\n<p>Con esta victoria,\u00a0<strong>Tapia y Coello suman su sexto t\u00edtulo en lo que va de la temporada<\/strong>, consolidan su posici\u00f3n como l\u00edderes del ranking mundial y refuerzan su favoritismo de cara a los pr\u00f3ximos torneos del circuito Premier Padel.<\/p>\n","protected":false},"excerpt":{"rendered":"<p>Agust\u00edn Tapia y Arturo Coello se consagraron campeones del\u00a0Bordeaux Premier Padel P2\u00a0tras imponerse este domingo a\u00a0Alejandro Gal\u00e1n y Fede Chingotto\u00a0por<\/p>\n","protected":false},"author":1,"featured_media":24874,"comment_status":"closed","ping_status":"closed","sticky":false,"template":"","format":"standard","meta":{"footnotes":"","jetpack_publicize_message":"","jetpack_publicize_feature_enabled":true,"jetpack_social_post_already_shared":true,"jetpack_social_options":{"image_generator_settings":{"template":"highway","enabled":false},"version":2}},"categories":[9],"tags":[],"class_list":["post-24873","post","type-post","status-publish","format-standard","has-post-thumbnail","hentry","category-deportes"],"jetpack_publicize_connections":[],"_links":{"self":[{"href":"https:\/\/diariorepublica.com.ar\/web\/index.php\/wp-json\/wp\/v2\/posts\/24873"}],"collection":[{"href":"https:\/\/diariorepublica.com.ar\/web\/index.php\/wp-json\/wp\/v2\/posts"}],"about":[{"href":"https:\/\/diariorepublica.com.ar\/web\/index.php\/wp-json\/wp\/v2\/types\/post"}],"author":[{"embeddable":true,"href":"https:\/\/diariorepublica.com.ar\/web\/index.php\/wp-json\/wp\/v2\/users\/1"}],"replies":[{"embeddable":true,"href":"https:\/\/diariorepublica.com.ar\/web\/index.php\/wp-json\/wp\/v2\/comments?post=24873"}],"version-history":[{"count":1,"href":"https:\/\/diariorepublica.com.ar\/web\/index.php\/wp-json\/wp\/v2\/posts\/24873\/revisions"}],"predecessor-version":[{"id":24875,"href":"https:\/\/diariorepublica.com.ar\/web\/index.php\/wp-json\/wp\/v2\/posts\/24873\/revisions\/24875"}],"wp:featuredmedia":[{"embeddable":true,"href":"https:\/\/diariorepublica.com.ar\/web\/index.php\/wp-json\/wp\/v2\/media\/24874"}],"wp:attachment":[{"href":"https:\/\/diariorepublica.com.ar\/web\/index.php\/wp-json\/wp\/v2\/media?parent=24873"}],"wp:term":[{"taxonomy":"category","embeddable":true,"href":"https:\/\/diariorepublica.com.ar\/web\/index.php\/wp-json\/wp\/v2\/categories?post=24873"},{"taxonomy":"post_tag","embeddable":true,"href":"https:\/\/diariorepublica.com.ar\/web\/index.php\/wp-json\/wp\/v2\/tags?post=24873"}],"curies":[{"name":"wp","href":"https:\/\/api.w.org\/{rel}","templated":true}]}}