{"id":24876,"date":"2025-07-07T00:58:00","date_gmt":"2025-07-07T03:58:00","guid":{"rendered":"https:\/\/diariorepublica.com.ar\/web\/?p=24876"},"modified":"2025-07-07T08:01:01","modified_gmt":"2025-07-07T11:01:01","slug":"banado-de-ovanta-tendra-un-moderno-polideportivo","status":"publish","type":"post","link":"https:\/\/diariorepublica.com.ar\/web\/index.php\/locales\/2025\/07\/07\/banado-de-ovanta-tendra-un-moderno-polideportivo\/","title":{"rendered":"Ba\u00f1ado de Ovanta tendr\u00e1 un moderno Polideportivo"},"content":{"rendered":"<p>La propuesta abarca una superficie cubierta de aproximadamente 2.000 m\u00b2, m\u00e1s un predio exterior con canchas reglamentarias, juegos infantiles y sectores complementarios.<\/p>\n<p>En la continuidad del Plan de Infraestructura Deportiva, el Gobierno provincial y la Municipalidad de Santa Rosa proyectan la construcci\u00f3n de un moderno Polideportivo para la localidad del Este catamarque\u00f1o.<\/p>\n<p>En su visita al departamento, d\u00edas atr\u00e1s, el gobernador Ra\u00fal Jalil junto al intendente Mario P\u00e1ez, recorrieron el predio donde se prev\u00e9 construir el Polideportivo, con el objetivo de que los j\u00f3venes y ni\u00f1os de la jurisdicci\u00f3n tengan un espacio acorde para la pr\u00e1ctica de actividades deportivas.<\/p>\n<p>Seg\u00fan la informaci\u00f3n brindada por el Ministerio de Hacienda y Obras P\u00fablicas, el proyecto prev\u00e9 un espacio cubierto multifuncional con sectores exteriores deportivos y recreativos. La propuesta abarca una superficie cubierta de aproximadamente 2.000 m\u00b2, m\u00e1s un predio exterior con canchas reglamentarias, juegos infantiles y sectores complementarios, consolidando un centro de actividades f\u00edsicas, recreativas, sociales y comunitarias para toda la poblaci\u00f3n.<\/p>\n<p>El proyecto se compone de dos grandes \u00e1reas funcionales:<\/p>\n<p>A) Espacio interior (cubierto) de 2.000 m\u00b2, con cancha central multifunci\u00f3n para deportes como v\u00f3ley, b\u00e1squet, futsal, handball, entre otros; dos n\u00facleos de vestuarios y ba\u00f1os, cada uno con duchas, sanitarios y espacios de guardado; dos boleter\u00edas ubicadas en el acceso principal; sala de prensa y reuniones; sal\u00f3n comedor, con acceso directo a una cocina equipada; sector administrativo; tres dep\u00f3sitos para guardar equipamiento deportivo, herramientas y material auxiliar; entrepiso y palco, con vista directa a la cancha.<\/p>\n<p>B) Espacio exterior (descubierto) con cancha de f\u00fatbol once con medidas reglamentarias (90 x 120 m), destinada a competencias oficiales y pr\u00e1cticas deportivas; canchas de beach volley, con piso de arena, delimitadas para competencias o actividades recreativas; espacio de juegos infantiles, equipado con juegos seguros e inclusivos, destinados al uso de ni\u00f1os y familias; \u00e1reas verdes y de descanso, integrando el predio con senderos de circulaci\u00f3n, bancos y forestaci\u00f3n.<\/p>\n<p>Vale recordar que, en el Este provincial, el Gobierno provincial tambi\u00e9n realiz\u00f3 una importante inversi\u00f3n para avanzar con la construcci\u00f3n del Polideportivo de Los Altos.<\/p>\n","protected":false},"excerpt":{"rendered":"<p>La propuesta abarca una superficie cubierta de aproximadamente 2.000 m\u00b2, m\u00e1s un predio exterior con canchas reglamentarias, juegos infantiles y<\/p>\n","protected":false},"author":1,"featured_media":24877,"comment_status":"closed","ping_status":"closed","sticky":false,"template":"","format":"standard","meta":{"footnotes":"","jetpack_publicize_message":"","jetpack_publicize_feature_enabled":true,"jetpack_social_post_already_shared":true,"jetpack_social_options":{"image_generator_settings":{"template":"highway","enabled":false},"version":2}},"categories":[2],"tags":[],"class_list":["post-24876","post","type-post","status-publish","format-standard","has-post-thumbnail","hentry","category-locales"],"jetpack_publicize_connections":[],"_links":{"self":[{"href":"https:\/\/diariorepublica.com.ar\/web\/index.php\/wp-json\/wp\/v2\/posts\/24876"}],"collection":[{"href":"https:\/\/diariorepublica.com.ar\/web\/index.php\/wp-json\/wp\/v2\/posts"}],"about":[{"href":"https:\/\/diariorepublica.com.ar\/web\/index.php\/wp-json\/wp\/v2\/types\/post"}],"author":[{"embeddable":true,"href":"https:\/\/diariorepublica.com.ar\/web\/index.php\/wp-json\/wp\/v2\/users\/1"}],"replies":[{"embeddable":true,"href":"https:\/\/diariorepublica.com.ar\/web\/index.php\/wp-json\/wp\/v2\/comments?post=24876"}],"version-history":[{"count":1,"href":"https:\/\/diariorepublica.com.ar\/web\/index.php\/wp-json\/wp\/v2\/posts\/24876\/revisions"}],"predecessor-version":[{"id":24878,"href":"https:\/\/diariorepublica.com.ar\/web\/index.php\/wp-json\/wp\/v2\/posts\/24876\/revisions\/24878"}],"wp:featuredmedia":[{"embeddable":true,"href":"https:\/\/diariorepublica.com.ar\/web\/index.php\/wp-json\/wp\/v2\/media\/24877"}],"wp:attachment":[{"href":"https:\/\/diariorepublica.com.ar\/web\/index.php\/wp-json\/wp\/v2\/media?parent=24876"}],"wp:term":[{"taxonomy":"category","embeddable":true,"href":"https:\/\/diariorepublica.com.ar\/web\/index.php\/wp-json\/wp\/v2\/categories?post=24876"},{"taxonomy":"post_tag","embeddable":true,"href":"https:\/\/diariorepublica.com.ar\/web\/index.php\/wp-json\/wp\/v2\/tags?post=24876"}],"curies":[{"name":"wp","href":"https:\/\/api.w.org\/{rel}","templated":true}]}}