{"id":24913,"date":"2025-07-08T00:47:00","date_gmt":"2025-07-08T03:47:00","guid":{"rendered":"https:\/\/diariorepublica.com.ar\/web\/?p=24913"},"modified":"2025-07-08T07:49:21","modified_gmt":"2025-07-08T10:49:21","slug":"conoci-la-medicacion-psiquiatrica-por-el-la-demoledora-carta-de-la-china-suarez-que-aniquila-a-vicuna","status":"publish","type":"post","link":"https:\/\/diariorepublica.com.ar\/web\/index.php\/espectaculos\/2025\/07\/08\/conoci-la-medicacion-psiquiatrica-por-el-la-demoledora-carta-de-la-china-suarez-que-aniquila-a-vicuna\/","title":{"rendered":"\u201cConoc\u00ed la medicaci\u00f3n psiqui\u00e1trica por \u00e9l\u201d: la demoledora carta de la China Su\u00e1rez que aniquila a Vicu\u00f1a"},"content":{"rendered":"<p><strong>La China Su\u00e1rez<\/strong>\u00a0liquid\u00f3 a su ex pareja y padre de sus dos hijos menores,\u00a0<strong>Benjam\u00edn Vicu\u00f1a<\/strong>, por haberle revocado el permiso libre a d\u00edas de viajar con destino a Turqu\u00eda para acompa\u00f1ar a su pareja Mauro Icardi en los entrenamientos del Galatasaray.<\/p>\n<p>A trav\u00e9s de un extenso posteo en sus redes sociales, la actriz cuestion\u00f3 las intenciones de su ex pareja y lo trat\u00f3 de celoso y envidioso.<\/p>\n<p>\u00ab&#8216;<i>El pap\u00e1 del a\u00f1o<\/i>&#8216;. Qui\u00e9n no habla con la prensa porque \u00ab<i>no es medi\u00e1tico<\/i>\u00bb pero se cansa de llamar para que cuenten su versi\u00f3n.\u00a0<strong>El pap\u00e1 del a\u00f1o que me dejaba tirada cuando me agarr\u00e9 covid con mis hijos, se fu\u00e9 a Chile y apag\u00f3 el tel\u00e9fono d\u00edas para irse de joda.<\/strong>\u00a0El que me dejaba tirada dando teta cuid\u00e1ndolos siempre mientras \u00e9l se iba &#8216;<i>de gira<\/i>&#8216;\u00bb, comenz\u00f3.<\/p>\n<p>\u00abEl pap\u00e1 del a\u00f1o, que en 7 a\u00f1os nunca pudo llevarlos de viaje (excepto a a Chile) porque \u00ab<i>era mucha plata<\/i>\u00ab.<br \/>\nEl pap\u00e1 del a\u00f1o, a quien su hija de 2 a\u00f1os le pidi\u00f3 por la noche un vaso de agua, pero como el hab\u00eda vuelto de una fiesta no pudo, se dio media vuelta y sigui\u00f3 durmiendo. El padre que pide que le saquen fotos las dos veces que va a buscarlos al colegio porque hay \u201cuna imagen que sostener\u201d\u00bb, sigui\u00f3 enumerando las actitudes del actor chileno.<\/p>\n<p>\u00abEl que me era infiel con una mujer mientras yo llevaba a su hijo en la panza. Qui\u00e9n se encarg\u00f3 de destruir poco a poco mi autoestima en momentos dif\u00edciles. El pap\u00e1 del a\u00f1o, que cuando le dec\u00eda llorando que me quer\u00eda separar me respond\u00eda, \u2018separ\u00e1te, quien te va a querer con 3 hijos\u2019.<\/p>\n<p>El hombre que me ense\u00f1\u00f3 que los celos profesionales en la pareja exist\u00edan, haci\u00e9ndome sentir mal cada vez que algo me sal\u00eda bien. \u2018<i>El pap\u00e1 del a\u00f1o\u2019<\/i>\u00a0que le preguntan en el colegio cu\u00e1l es el juego favorito de su hijo y no lo sabe, porque cuando est\u00e1n en su casa, est\u00e1n todo el d\u00eda frente a una TV con \u00abuna ni\u00f1era por cada hijo\u00bb.<strong>\u00a0El hombre que me hizo conocer la medicaci\u00f3n psiqui\u00e1trica, porque era eso o morir de tristeza y ansiedad<\/strong>\u00ab, sigui\u00f3 sin filtros.<\/p>\n<figure class=\"multimedia\" data-html=\"\" data-tadevel-template=\"web\/multimedia\" data-type=\"rich\" data-url=\"https:\/\/www.instagram.com\/p\/DL0dSqaxmYF\">\n<div class=\"content\"><iframe src=\"https:\/\/alpha-app.tadevel-cdn.com\/hostname\/noticiasargentinas.com\/api\/v1\/sandbox\/PGJsb2NrcXVvdGUgY2xhc3M9Imluc3RhZ3JhbS1tZWRpYSIgZGF0YS1pbnN0Z3JtLXBlcm1hbGluaz0iaHR0cHM6Ly93d3cuaW5zdGFncmFtLmNvbS9wL0RMMGRTcWF4bVlGLz91dG1fc291cmNlPWlnX2VtYmVkJnV0bV9jYW1wYWlnbj1sb2FkaW5nIiBkYXRhLWluc3Rncm0tdmVyc2lvbj0iMTQiIHN0eWxlPSIgYmFja2dyb3VuZDojRkZGOyBib3JkZXI6MDsgYm9yZGVyLXJhZGl1czozcHg7IGJveC1zaGFkb3c6MCAwIDFweCAwIHJnYmEoMCwwLDAsMC41KSwwIDFweCAxMHB4IDAgcmdiYSgwLDAsMCwwLjE1KTsgbWFyZ2luOiAxcHg7IG1heC13aWR0aDo2NThweDsgbWluLXdpZHRoOjMyNnB4OyBwYWRkaW5nOjA7IHdpZHRoOjk5LjM3NSU7IHdpZHRoOi13ZWJraXQtY2FsYygxMDAlIC0gMnB4KTsgd2lkdGg6Y2FsYygxMDAlIC0gMnB4KTsiPjwvYmxvY2txdW90ZT4KPHNjcmlwdCBhc3luYyBzcmM9Imh0dHBzOi8vd3d3Lmluc3RhZ3JhbS5jb20vZW1iZWQuanMiPjwvc2NyaXB0Pg%3D%3D?v=732eac3ab38ab1dce55fabbd8909e32a&amp;s=e95727be5e38de1f707e8248937ff766\" scrolling=\"no\" sandbox=\"allow-scripts allow-forms allow-same-origin allow-popups allow-popups-to-escape-sandbox\" data-mce-fragment=\"1\"><\/iframe><\/div><figcaption class=\"caption\">\n<div class=\"description\">LA CHINA on Instagram: \u00ab.\u00bb<\/div>\n<div class=\"attribution\"><\/div>\n<\/figcaption><\/figure>\n<p>La publicaci\u00f3n de la China lleg\u00f3 luego de que el actor brindar\u00e1 declaraciones en Intrusos, dejando en claro que sus hijos se quedar\u00edan en el pa\u00eds y no acompa\u00f1ar\u00edan a su madre a Turqu\u00eda.<\/p>\n<p>La actriz apunt\u00f3 sin filtros contra el padre de Amancio y Magnolia: \u00abEl pap\u00e1 del a\u00f1o, que lleva a su hija a una comida\/fiesta para la fotito en Instagram, pero\u00a0<strong>se lo pasa encerrado en el ba\u00f1o con sus adicciones.\u00a0<\/strong>Podr\u00eda seguir cap\u00edtulos enteros contando como \u00abel pap\u00e1 del a\u00f1o\u00bb me dej\u00f3 completamente rota. Aceptando migajas despu\u00e9s de ese v\u00ednculo creyendo que no merec\u00eda m\u00e1s que eso, pero ahora estoy fuerte.<strong>\u00a0Y te metiste con mi maternidad, hasta ac\u00e1 llegaste<\/strong>\u00ab.<\/p>\n<p>Y sigui\u00f3: \u00abMe call\u00e9 mucho tiempo por mis hijos, por querer sostenerles un mundo de fantas\u00eda, no m\u00e1s. El pap\u00e1 del a\u00f1o, que m\u00e1gicamente quiere pasar m\u00e1s tiempo con sus hijos justo ahora que hay un hombre en mi vida al cual AMAN y ADMIRAN. El pap\u00e1 del a\u00f1o que me firm\u00f3 la tenencia cuando me separ\u00e9 porque estaba muy ocupado\u00bb.<\/p>\n<p>Por \u00faltimo, dio su versi\u00f3n de los hechos sobre lo sucedido con respecto al viaje a Turqu\u00eda: \u201c<strong>Revocaste el permiso 2 d\u00edas antes, jugando con la ilusi\u00f3n de tus hijos por celos y envidia. Nunca te importaron las faltas, \u00f3 al menos eso me dijiste siempre<\/strong>\u201d.<\/p>\n<p>NA<\/p>\n","protected":false},"excerpt":{"rendered":"<p>La China Su\u00e1rez\u00a0liquid\u00f3 a su ex pareja y padre de sus dos hijos menores,\u00a0Benjam\u00edn Vicu\u00f1a, por haberle revocado el permiso<\/p>\n","protected":false},"author":1,"featured_media":24914,"comment_status":"closed","ping_status":"closed","sticky":false,"template":"","format":"standard","meta":{"footnotes":"","jetpack_publicize_message":"","jetpack_publicize_feature_enabled":true,"jetpack_social_post_already_shared":true,"jetpack_social_options":{"image_generator_settings":{"template":"highway","enabled":false},"version":2}},"categories":[7],"tags":[],"class_list":["post-24913","post","type-post","status-publish","format-standard","has-post-thumbnail","hentry","category-espectaculos"],"jetpack_publicize_connections":[],"_links":{"self":[{"href":"https:\/\/diariorepublica.com.ar\/web\/index.php\/wp-json\/wp\/v2\/posts\/24913"}],"collection":[{"href":"https:\/\/diariorepublica.com.ar\/web\/index.php\/wp-json\/wp\/v2\/posts"}],"about":[{"href":"https:\/\/diariorepublica.com.ar\/web\/index.php\/wp-json\/wp\/v2\/types\/post"}],"author":[{"embeddable":true,"href":"https:\/\/diariorepublica.com.ar\/web\/index.php\/wp-json\/wp\/v2\/users\/1"}],"replies":[{"embeddable":true,"href":"https:\/\/diariorepublica.com.ar\/web\/index.php\/wp-json\/wp\/v2\/comments?post=24913"}],"version-history":[{"count":1,"href":"https:\/\/diariorepublica.com.ar\/web\/index.php\/wp-json\/wp\/v2\/posts\/24913\/revisions"}],"predecessor-version":[{"id":24915,"href":"https:\/\/diariorepublica.com.ar\/web\/index.php\/wp-json\/wp\/v2\/posts\/24913\/revisions\/24915"}],"wp:featuredmedia":[{"embeddable":true,"href":"https:\/\/diariorepublica.com.ar\/web\/index.php\/wp-json\/wp\/v2\/media\/24914"}],"wp:attachment":[{"href":"https:\/\/diariorepublica.com.ar\/web\/index.php\/wp-json\/wp\/v2\/media?parent=24913"}],"wp:term":[{"taxonomy":"category","embeddable":true,"href":"https:\/\/diariorepublica.com.ar\/web\/index.php\/wp-json\/wp\/v2\/categories?post=24913"},{"taxonomy":"post_tag","embeddable":true,"href":"https:\/\/diariorepublica.com.ar\/web\/index.php\/wp-json\/wp\/v2\/tags?post=24913"}],"curies":[{"name":"wp","href":"https:\/\/api.w.org\/{rel}","templated":true}]}}