{"id":24916,"date":"2025-07-08T08:49:00","date_gmt":"2025-07-08T11:49:00","guid":{"rendered":"https:\/\/diariorepublica.com.ar\/web\/?p=24916"},"modified":"2025-07-08T07:50:46","modified_gmt":"2025-07-08T10:50:46","slug":"sturzenegger-continuara-desregulando-la-economia-y-ajustando-al-estado","status":"publish","type":"post","link":"https:\/\/diariorepublica.com.ar\/web\/index.php\/politica\/2025\/07\/08\/sturzenegger-continuara-desregulando-la-economia-y-ajustando-al-estado\/","title":{"rendered":"Sturzenegger continuar\u00e1 desregulando la econom\u00eda y ajustando al Estado"},"content":{"rendered":"<article class=\"article-body article-body--first-paragraph content-protected-false\" data-td-script-src=\"https:\/\/www.ambito.com\/td\/modulos\/encuestas\/js\/function-embeds-min-version-1747541270.js\">El uso de las facultades delegadas otorgado por el Congreso Nacional hace un a\u00f1o, seg\u00fan explic\u00f3 el ministro de Desregulaci\u00f3n,\u00a0<strong>Federico Sturzenegger \u201cse destaca por su apego a la Constituci\u00f3n\u201d<\/strong>\u00a0porque el poder Ejecutivo las utiliz\u00f3 para fines espec\u00edficos y en un tiempo establecido. \u201c<strong>Fue por un a\u00f1o, porque el presidente Milei no quiere gobernar con facultades delegadas, pero s\u00ed quer\u00eda tener un plazo de tiempo en el cual impulsar y acelerar su programa de reformas econ\u00f3micas\u201d<\/strong>, asever\u00f3 el funcionario.<\/p>\n<\/article>\n<article class=\"article-body article-body--second-paragraph content-protected-false\">Al tiempo que aclar\u00f3:\u00a0<strong>\u201cno vamos a buscar prorrogar como hac\u00eda el kirchnerismo, porque tuvimos un a\u00f1o, ten\u00edamos un plan, hab\u00eda que hacer algo y lo hicimos. Y ahora la democracia sigue funcionando sin que el gobierno necesite este instrumento\u201d.<\/strong><\/p>\n<article class=\"article-body article-body--third-paragraph content-protected-false\">Al respecto, cabe se\u00f1alar que las facultades delegadas fueron utilizadas durante todo el gobierno de los Kirchner (desde 2003 hasta 2015) \u201cpara los Kirchner (el utilizar las facultades delegadas) era una forma de Cristina Kirchner oper\u00f3 durante toda su presidencia con facultades delegadas. Es decir, que para ellos era una forma de gobierno, no era una delegaci\u00f3n que hac\u00eda el Congreso\u201d.<\/p>\n<\/article>\n<article class=\"article-body article-body--fourth-paragraph content-protected-false\">En un tono m\u00e1s pol\u00edtico, Sturzenegger enfatiz\u00f3 \u201c<strong>Ustedes saben que Javier tiene una frase que dice, que prefiere una verdad inc\u00f3moda a una mentira reconfortante. Y entonces yo les digo: \u00bfustedes prefieren un presidente que habla suave y viola la Constituci\u00f3n, o prefieren un presidente aguerrido pero que la cumple?\u201d.<\/strong><\/p>\n<\/article>\n<article class=\"article-body article-body--remaining-paragraph content-protected-false\">La tarea que se llev\u00f3 a cabo desde el Ministerio de Desregulaci\u00f3n y Transformaci\u00f3n del Estado se concret\u00f3 en \u201c65 decretos\u201d que implicaron \u201cun ahorro de u$s2.000 millones anuales en gastos\u201d.<\/p>\n<p><strong>Se viene una segunda etapa de desregulaciones<\/strong><\/p>\n<p>La segunda etapa del \u00e1rea que tiene a su cargo Sturzenegger pasar\u00e1 por continuar\u00a0<strong>\u201cdesregulando la econom\u00eda de las numerosas normas existentes<\/strong>\u201d.<\/p>\n<p>Se estima que existen 700.000 decretos desde 1930 hasta la fecha. Estos DNU est\u00e1n siendo analizados y se piensa en armar un digesto de los que continuar\u00e1n vigentes\u00a0<strong>\u201cel resto no se aplicar\u00e1n m\u00e1s\u201d,<\/strong>\u00a0comentan.<\/p>\n<p>Esta tarea, junto a la desregulaci\u00f3n y modificaci\u00f3n de la estructura estatal -con el objetivo de reducirlo y hacerlo m\u00e1s eficiente &#8211; puede ser llevada a cabo\u00a0<strong>sin contar con facultades delegadas.<\/strong><\/p>\n<p>Los ejes que tendr\u00e1 de ahora en m\u00e1s la gesti\u00f3n del ministerio de Desregulaci\u00f3n son b\u00e1sicamente los planteados en el\u00a0<strong>Pacto de Mayo.<\/strong><\/p>\n<p>En ellos, se destacan los vinculados a\u00a0<strong>la reforma laboral y previsional, aunque el \u00e9nfasis estar\u00e1 puesto en lo laboral. \u201cEs que no tiene sentido avanzar en una reforma previsional sino se avanza en formalizar el empleo\u201d,\u00a0<\/strong>acotan.<\/p>\n<p>En este sentido, y un primer paso, es el\u00a0<strong>Fondo de Cese Laboral<\/strong>\u00a0que ya varios gremios plantearon su intenci\u00f3n de suscribir. \u201c<strong>Con esta herramienta se quita el temor a los juicios por despido\u201d<\/strong>, explican fuentes oficiales, al tiempo que admiten que resta el tema\u00a0<strong>\u201cde la flexibilidad en las negociaciones\u201d.<\/strong><\/p>\n<p>En lo que resta del a\u00f1o gran parte del trabajo del Ministerio de Desregulaci\u00f3n estar\u00e1 abocado a generar las iniciativas legales para un Parlamento, en el que el Gobierno aspira a contar con m\u00e1s legisladores de la Libertad Avanza.<\/p>\n<p>ambito.com<\/p>\n<\/article>\n<\/article>\n","protected":false},"excerpt":{"rendered":"<p>El uso de las facultades delegadas otorgado por el Congreso Nacional hace un a\u00f1o, seg\u00fan explic\u00f3 el ministro de Desregulaci\u00f3n,\u00a0Federico<\/p>\n","protected":false},"author":1,"featured_media":24917,"comment_status":"closed","ping_status":"closed","sticky":false,"template":"","format":"standard","meta":{"footnotes":"","jetpack_publicize_message":"","jetpack_publicize_feature_enabled":true,"jetpack_social_post_already_shared":true,"jetpack_social_options":{"image_generator_settings":{"template":"highway","enabled":false},"version":2}},"categories":[12],"tags":[],"class_list":["post-24916","post","type-post","status-publish","format-standard","has-post-thumbnail","hentry","category-politica"],"jetpack_publicize_connections":[],"_links":{"self":[{"href":"https:\/\/diariorepublica.com.ar\/web\/index.php\/wp-json\/wp\/v2\/posts\/24916"}],"collection":[{"href":"https:\/\/diariorepublica.com.ar\/web\/index.php\/wp-json\/wp\/v2\/posts"}],"about":[{"href":"https:\/\/diariorepublica.com.ar\/web\/index.php\/wp-json\/wp\/v2\/types\/post"}],"author":[{"embeddable":true,"href":"https:\/\/diariorepublica.com.ar\/web\/index.php\/wp-json\/wp\/v2\/users\/1"}],"replies":[{"embeddable":true,"href":"https:\/\/diariorepublica.com.ar\/web\/index.php\/wp-json\/wp\/v2\/comments?post=24916"}],"version-history":[{"count":1,"href":"https:\/\/diariorepublica.com.ar\/web\/index.php\/wp-json\/wp\/v2\/posts\/24916\/revisions"}],"predecessor-version":[{"id":24918,"href":"https:\/\/diariorepublica.com.ar\/web\/index.php\/wp-json\/wp\/v2\/posts\/24916\/revisions\/24918"}],"wp:featuredmedia":[{"embeddable":true,"href":"https:\/\/diariorepublica.com.ar\/web\/index.php\/wp-json\/wp\/v2\/media\/24917"}],"wp:attachment":[{"href":"https:\/\/diariorepublica.com.ar\/web\/index.php\/wp-json\/wp\/v2\/media?parent=24916"}],"wp:term":[{"taxonomy":"category","embeddable":true,"href":"https:\/\/diariorepublica.com.ar\/web\/index.php\/wp-json\/wp\/v2\/categories?post=24916"},{"taxonomy":"post_tag","embeddable":true,"href":"https:\/\/diariorepublica.com.ar\/web\/index.php\/wp-json\/wp\/v2\/tags?post=24916"}],"curies":[{"name":"wp","href":"https:\/\/api.w.org\/{rel}","templated":true}]}}