{"id":24919,"date":"2025-07-08T00:50:00","date_gmt":"2025-07-08T03:50:00","guid":{"rendered":"https:\/\/diariorepublica.com.ar\/web\/?p=24919"},"modified":"2025-07-08T07:52:20","modified_gmt":"2025-07-08T10:52:20","slug":"el-gobierno-anuncio-la-disolucion-de-vialidad-nacional-y-la-concesion-de-9-120-kilometros-de-rutas","status":"publish","type":"post","link":"https:\/\/diariorepublica.com.ar\/web\/index.php\/nacionales\/2025\/07\/08\/el-gobierno-anuncio-la-disolucion-de-vialidad-nacional-y-la-concesion-de-9-120-kilometros-de-rutas\/","title":{"rendered":"El Gobierno anunci\u00f3 la disoluci\u00f3n de Vialidad Nacional y la concesi\u00f3n de 9.120 kil\u00f3metros de rutas"},"content":{"rendered":"<article class=\"article-body article-body--first-paragraph content-protected-false\" data-td-script-src=\"https:\/\/www.ambito.com\/td\/modulos\/encuestas\/js\/function-embeds-min-version-1747541270.js\">El\u00a0<strong>Gobierno<\/strong>\u00a0nacional avanzar\u00e1 con la disoluci\u00f3n de la\u00a0<strong>Direcci\u00f3n Nacional de Vialidad,<\/strong>\u00a0la eliminaci\u00f3n de la\u00a0<strong>Agencia de Seguridad Vial\u00a0<\/strong>y la concesi\u00f3n de 9.120 kil\u00f3metros de rutas. El vocero\u00a0<strong>Manuel Adorni<\/strong>\u00a0comunic\u00f3 los cambios que se realizar\u00e1n por decreto,\u00a0a horas del fin de las facultades delegadas.\u00a0<strong>\u00abLa corrupci\u00f3n en la obra p\u00fablica tiene su acta de defunci\u00f3n firmada\u00bb, dijo.<\/strong><\/p>\n<\/article>\n<article class=\"article-body article-body--second-paragraph content-protected-false\">En una conferencia de prensa convocada al filo de que venzan los superpoderes que el\u00a0<strong>Congreso<\/strong>\u00a0le otorg\u00f3 al presidente\u00a0<strong>Javier Milei<\/strong>\u00a0a trav\u00e9s de la ley Bases, el portavoz dio a conocer una serie de\u00a0<strong>modificaciones<\/strong>\u00a0que impulsar\u00e1n por\u00a0<strong>decreto,<\/strong>\u00a0entre los que se encuentran las\u00a0<strong>reformas<\/strong>\u00a0<strong>y supresiones de organismos relacionados al \u00e1rea de vialidad.<\/strong><\/p>\n<article class=\"article-body article-body--third-paragraph content-protected-false\">La eliminaci\u00f3n de\u00a0<strong>Vialidad Nacional<\/strong>\u00a0y de su contraparte de\u00a0<strong>Seguridad Vial<\/strong>\u00a0estaba dentro de los planes de la administraci\u00f3n nacional desde hace tiempo, pero hasta ahora no se hab\u00eda formalizado. Finalmente, este lunes\u00a0<strong>Adorni<\/strong>\u00a0anticip\u00f3 que se llevar\u00e1 a adelante el cambio a trav\u00e9s de una medida que ser\u00e1 publicada en las pr\u00f3ximas horas en el\u00a0<strong>Bolet\u00edn Oficial.\u00a0<\/strong>Este martes 8 de julio finalizar\u00e1n la delegaci\u00f3n de facultades.<\/p>\n<\/article>\n<article class=\"article-body article-body--fourth-paragraph content-protected-false\"><strong>El Gobierno cerr\u00f3 Vialidad Nacional y anunci\u00f3 la creaci\u00f3n de una nueva agencia vial<\/strong><\/p>\n<p>Para justificar los cambios, el vocero se refiri\u00f3 a la\u00a0<strong>causa Vialidad<\/strong>\u00a0por la que fue condenada la expresidenta\u00a0<strong>Cristina Fern\u00e1ndez de Kirchner<\/strong>, donde, seg\u00fan dijo, la Justicia hall\u00f3 \u00abmaniobras fraudulentas\u00bb mediante la \u00abadjudicaci\u00f3n de contratos p\u00fablicos ama\u00f1ados, la ejecuci\u00f3n anticipada de adelanto financieros millonarios sin justificaci\u00f3n, el abandono de obras sin penalizaci\u00f3n y las ampliaciones injustificadas de plazos\u00bb.\u00a0<strong>\u00abNo se construyeron las rutas y la plata se la quedaba igual\u00bb, denunci\u00f3 Adorni.<\/strong><\/p>\n<\/article>\n<article class=\"article-body article-body--remaining-paragraph content-protected-false\">El portavoz asegur\u00f3 que el organismo<strong>\u00a0\u00abse invent\u00f3 para simplificar la corrupci\u00f3n\u00bb<\/strong>, motivo por el cual decidieron suprimirlo. \u00abEn virtud de esto, el Presidente Javier Milei orden\u00f3 el cierre definitivo de la Direcci\u00f3n Nacional de Vialidad y tambi\u00e9n de la\u00a0<strong>Comisi\u00f3n Nacional del Tr\u00e1nsito y la Seguridad Vial<\/strong>, y la\u00a0<strong>Agencia Nacional de Seguridad Vial<\/strong>\u00ab. Se trata de una reorganizaci\u00f3n del sector, dijo. A partir de ahora, la tarea de control que realizaba la ANSV ser\u00e1 realizada por Gendarmer\u00eda.<\/p>\n<p>A partir de la publicaci\u00f3n del decreto, se modificar\u00e1 la estructura de la\u00a0<strong>Comisi\u00f3n Nacional de Regulaci\u00f3n del Transporte (CNRT)<\/strong>\u00a0que pasar\u00e1 a denominarse como Agencia de Control de Concesiones y Servicios P\u00fablicos del Transporte.\u00a0<strong>\u00abSer\u00e1 la autoridad de aplicaci\u00f3n en lo que refiere a normas, actos administrativos relacionados a la fiscalizaci\u00f3n de concesiones viales\u00bb<\/strong>, continu\u00f3 Adorni y anticip\u00f3 que se dar\u00e1 paso a la\u00a0<strong>licitaci\u00f3n de 9.120 kil\u00f3metros de rutas<\/strong>.<\/p>\n<p><strong>Los n\u00fameros de Vialidad Nacional y la reestructuraci\u00f3n de funciones<\/strong><\/p>\n<p>El vocero explic\u00f3 que la Secretar\u00eda de Transporte y otras \u00e1reas del Ministerio de Econom\u00eda absorber\u00e1n las funciones vinculadas al dise\u00f1o y planificaci\u00f3n de la infraestructura vial, mientras que el control de concesiones pasar\u00e1 a la nueva Agencia de Control de Concesiones y Servicios P\u00fablicos de Transporte. Seg\u00fan afirmaron desde el Gobierno a trav\u00e9s de un comunicado, el esquema actual cuenta con \u00abuna dotaci\u00f3n elevada\u00bb y una \u00abconfiguraci\u00f3n jer\u00e1rquica extensiva que dificultan la toma de decisiones y restan agilidad a la ejecuci\u00f3n de proyectos, lo que redunda en altos costos operativos para el Estado Nacional\u00bb.<\/p>\n<p>La Direcci\u00f3n Nacional de Vialidad\u00a0<strong>cuenta actualmente con 5.184 agentes: 1.091 se encuentran en Casa Central y 4.053 agentes est\u00e1n asignados a los 24 distritos viales.<\/strong><\/p>\n<p>\u00abLa disoluci\u00f3n de este organismo generar\u00e1 un\u00a0<strong>ahorro anual estimado para el Estado Nacional de 100 millones de d\u00f3lares<\/strong>, y sus funciones ser\u00e1n asumidas entre la nueva Agencia de Control de Concesiones y Servicios P\u00fablicos de Transporte y dos unidades organizativas dentro del Ministerio de Econom\u00eda, una en la \u00f3rbita de la Secretar\u00eda de Transporte y otra en la Secretar\u00eda de Obras P\u00fablicas\u00bb, afirmaron.<\/p>\n<p>Con la reestructuraci\u00f3n, la\u00a0<strong>Comisi\u00f3n Nacional de Regulaci\u00f3n del Transporte (CNRT)<\/strong>\u00a0pasar\u00e1 a llamarse\u00a0<strong>Agencia de Control de Concesiones y Servicios P\u00fablicos de Transporte<\/strong>. \u00abSe focalizar\u00e1 en la verificaci\u00f3n del cumplimiento normativo y contractual, y en la investigaci\u00f3n de los accidentes ferroviarios\u00bb, informaron. En tanto que el resto de las funciones de la\u00a0<strong>CNRT<\/strong>\u00a0ser\u00e1n absorbidas por la Subsecretar\u00eda de Transporte Automotor de la Secretar\u00eda de Transporte del Ministerio de Econom\u00eda.<\/p>\n<p>En lo que respecta a la\u00a0<strong>Junta de Seguridad en el Transporte (JST)<\/strong>, el Gobierno dio a conocer que con el nuevo esquema\u00a0<strong>\u00abdejar\u00e1 de funcionar como tal, reducir\u00e1 considerablemente su alcance y gasto\u00bb<\/strong>\u00a0y se llamar\u00e1 Agencia de Investigaci\u00f3n de Accidentes e Incidentes de Aviaci\u00f3n. \u00abLimitar\u00e1 su \u00e1mbito de actuaci\u00f3n exclusivamente al transporte a\u00e9reo civil para dar cumplimiento con los est\u00e1ndares t\u00e9cnicos y normativos establecidos por la Organizaci\u00f3n de Aviaci\u00f3n Civil Internacional (OACI)\u00bb, anticiparon.<\/p>\n<p>En cuanto a las funciones inherentes de la\u00a0<strong>JST<\/strong>\u00a0referidas a la investigaci\u00f3n t\u00e9cnica de sucesos automotores, los absorber\u00e1 la\u00a0<strong>Secretar\u00eda de Transporte<\/strong>. Asimismo, las relacionadas a \u00absucesos del \u00e1mbito ferroviario estar\u00e1n a cargo de la nueva Agencia de Control de Concesiones y Servicios P\u00fablicos de Transporte\u00bb.<\/p>\n<p>ambito.com<\/p>\n<\/article>\n<\/article>\n","protected":false},"excerpt":{"rendered":"<p>El\u00a0Gobierno\u00a0nacional avanzar\u00e1 con la disoluci\u00f3n de la\u00a0Direcci\u00f3n Nacional de Vialidad,\u00a0la eliminaci\u00f3n de la\u00a0Agencia de Seguridad Vial\u00a0y la concesi\u00f3n de 9.120<\/p>\n","protected":false},"author":1,"featured_media":24920,"comment_status":"closed","ping_status":"closed","sticky":false,"template":"","format":"standard","meta":{"footnotes":"","jetpack_publicize_message":"","jetpack_publicize_feature_enabled":true,"jetpack_social_post_already_shared":true,"jetpack_social_options":{"image_generator_settings":{"template":"highway","enabled":false},"version":2}},"categories":[4],"tags":[],"class_list":["post-24919","post","type-post","status-publish","format-standard","has-post-thumbnail","hentry","category-nacionales"],"jetpack_publicize_connections":[],"_links":{"self":[{"href":"https:\/\/diariorepublica.com.ar\/web\/index.php\/wp-json\/wp\/v2\/posts\/24919"}],"collection":[{"href":"https:\/\/diariorepublica.com.ar\/web\/index.php\/wp-json\/wp\/v2\/posts"}],"about":[{"href":"https:\/\/diariorepublica.com.ar\/web\/index.php\/wp-json\/wp\/v2\/types\/post"}],"author":[{"embeddable":true,"href":"https:\/\/diariorepublica.com.ar\/web\/index.php\/wp-json\/wp\/v2\/users\/1"}],"replies":[{"embeddable":true,"href":"https:\/\/diariorepublica.com.ar\/web\/index.php\/wp-json\/wp\/v2\/comments?post=24919"}],"version-history":[{"count":1,"href":"https:\/\/diariorepublica.com.ar\/web\/index.php\/wp-json\/wp\/v2\/posts\/24919\/revisions"}],"predecessor-version":[{"id":24921,"href":"https:\/\/diariorepublica.com.ar\/web\/index.php\/wp-json\/wp\/v2\/posts\/24919\/revisions\/24921"}],"wp:featuredmedia":[{"embeddable":true,"href":"https:\/\/diariorepublica.com.ar\/web\/index.php\/wp-json\/wp\/v2\/media\/24920"}],"wp:attachment":[{"href":"https:\/\/diariorepublica.com.ar\/web\/index.php\/wp-json\/wp\/v2\/media?parent=24919"}],"wp:term":[{"taxonomy":"category","embeddable":true,"href":"https:\/\/diariorepublica.com.ar\/web\/index.php\/wp-json\/wp\/v2\/categories?post=24919"},{"taxonomy":"post_tag","embeddable":true,"href":"https:\/\/diariorepublica.com.ar\/web\/index.php\/wp-json\/wp\/v2\/tags?post=24919"}],"curies":[{"name":"wp","href":"https:\/\/api.w.org\/{rel}","templated":true}]}}