{"id":24922,"date":"2025-07-08T07:55:25","date_gmt":"2025-07-08T10:55:25","guid":{"rendered":"https:\/\/diariorepublica.com.ar\/web\/?p=24922"},"modified":"2025-07-08T07:55:27","modified_gmt":"2025-07-08T10:55:27","slug":"soem-inicia-quites-de-colaboracion-en-la-capital","status":"publish","type":"post","link":"https:\/\/diariorepublica.com.ar\/web\/index.php\/locales\/2025\/07\/08\/soem-inicia-quites-de-colaboracion-en-la-capital\/","title":{"rendered":"SOEM inicia quites de colaboraci\u00f3n en la Capital"},"content":{"rendered":"<p>El gremio SOEM anunci\u00f3 el inicio a partir de este martes 8 de julio de un plan de lucha consistente en asambleas y quites de colaboraci\u00f3n.<\/p>\n<p>La medida se llevar\u00e1 a cabo en todas las \u00e1reas del Municipio de la Capital con el objeto de visibilizar el reclamo de los trabajadores de obtener un aumento salarial digno que les permita recuperar parte del poder adquisitivo perdido a ra\u00edz del avance inflacionario.<\/p>\n<p>El viernes, terminar\u00e1n la semana con una movilizaci\u00f3n por las calles de la ciudad.<\/p>\n<p>Desde el gremio se indic\u00f3 que las asambleas y quites de colaboraci\u00f3n se ir\u00e1n incrementando, si el municipio no da una respuesta satisfactoria a su reclamo.<\/p>\n<p>Los trabajadores piden un incremento de haberes del 20%.<\/p>\n","protected":false},"excerpt":{"rendered":"<p>El gremio SOEM anunci\u00f3 el inicio a partir de este martes 8 de julio de un plan de lucha consistente<\/p>\n","protected":false},"author":1,"featured_media":24923,"comment_status":"closed","ping_status":"closed","sticky":false,"template":"","format":"standard","meta":{"footnotes":"","jetpack_publicize_message":"","jetpack_publicize_feature_enabled":true,"jetpack_social_post_already_shared":true,"jetpack_social_options":{"image_generator_settings":{"template":"highway","enabled":false},"version":2}},"categories":[2],"tags":[],"class_list":["post-24922","post","type-post","status-publish","format-standard","has-post-thumbnail","hentry","category-locales"],"jetpack_publicize_connections":[],"_links":{"self":[{"href":"https:\/\/diariorepublica.com.ar\/web\/index.php\/wp-json\/wp\/v2\/posts\/24922"}],"collection":[{"href":"https:\/\/diariorepublica.com.ar\/web\/index.php\/wp-json\/wp\/v2\/posts"}],"about":[{"href":"https:\/\/diariorepublica.com.ar\/web\/index.php\/wp-json\/wp\/v2\/types\/post"}],"author":[{"embeddable":true,"href":"https:\/\/diariorepublica.com.ar\/web\/index.php\/wp-json\/wp\/v2\/users\/1"}],"replies":[{"embeddable":true,"href":"https:\/\/diariorepublica.com.ar\/web\/index.php\/wp-json\/wp\/v2\/comments?post=24922"}],"version-history":[{"count":1,"href":"https:\/\/diariorepublica.com.ar\/web\/index.php\/wp-json\/wp\/v2\/posts\/24922\/revisions"}],"predecessor-version":[{"id":24924,"href":"https:\/\/diariorepublica.com.ar\/web\/index.php\/wp-json\/wp\/v2\/posts\/24922\/revisions\/24924"}],"wp:featuredmedia":[{"embeddable":true,"href":"https:\/\/diariorepublica.com.ar\/web\/index.php\/wp-json\/wp\/v2\/media\/24923"}],"wp:attachment":[{"href":"https:\/\/diariorepublica.com.ar\/web\/index.php\/wp-json\/wp\/v2\/media?parent=24922"}],"wp:term":[{"taxonomy":"category","embeddable":true,"href":"https:\/\/diariorepublica.com.ar\/web\/index.php\/wp-json\/wp\/v2\/categories?post=24922"},{"taxonomy":"post_tag","embeddable":true,"href":"https:\/\/diariorepublica.com.ar\/web\/index.php\/wp-json\/wp\/v2\/tags?post=24922"}],"curies":[{"name":"wp","href":"https:\/\/api.w.org\/{rel}","templated":true}]}}