{"id":24925,"date":"2025-07-08T07:57:43","date_gmt":"2025-07-08T10:57:43","guid":{"rendered":"https:\/\/diariorepublica.com.ar\/web\/?p=24925"},"modified":"2025-07-08T07:57:45","modified_gmt":"2025-07-08T10:57:45","slug":"confirman-fecha-de-pago-de-las-becas-catamarca-incluye-y-plan-arraigo","status":"publish","type":"post","link":"https:\/\/diariorepublica.com.ar\/web\/index.php\/sociedad\/2025\/07\/08\/confirman-fecha-de-pago-de-las-becas-catamarca-incluye-y-plan-arraigo\/","title":{"rendered":"Confirman fecha de pago de las becas \u00abCatamarca Incluye\u00bb y \u00abPlan Arraigo\u00bb"},"content":{"rendered":"<p>El Ministerio de Trabajo, Planificaci\u00f3n y Recursos Humanos de Catamarca confirm\u00f3 la fecha de pago correspondiente a los beneficiarios de las becas provinciales \u00abCatamarca Incluye\u00bb y \u00abPlan Arraigo\u00bb.<\/p>\n<p>El d\u00eda mi\u00e9rcoles 9 de julio se acreditar\u00e1 el cobro por cajero autom\u00e1tico mientras que, el jueves 10 de julio estar\u00e1 disponible por entidad bancaria, seg\u00fan inform\u00f3 la cartera laboral provincial.<\/p>\n<p>Asimismo, anunci\u00f3 una bonificaci\u00f3n extraordinaria por \u00fanica vez de 80 mil pesos. Los fondos estar\u00e1n disponibles el pr\u00f3ximo mi\u00e9rcoles 16 de julio.<\/p>\n<p>Estas becas est\u00e1n orientadas a fortalecer la inclusi\u00f3n laboral y territorial de j\u00f3venes y adultos, como parte de los programas impulsados por el gobierno provincial para fomentar la permanencia en zonas rurales y el desarrollo de capacidades locales.<\/p>\n<p>Ambos planes representan un complemento clave a las pol\u00edticas de inclusi\u00f3n y arraigo poblacional, en un contexto social y econ\u00f3mico donde el empleo formal escasea, especialmente en el interior profundo de la provincia.<\/p>\n","protected":false},"excerpt":{"rendered":"<p>El Ministerio de Trabajo, Planificaci\u00f3n y Recursos Humanos de Catamarca confirm\u00f3 la fecha de pago correspondiente a los beneficiarios de<\/p>\n","protected":false},"author":1,"featured_media":24926,"comment_status":"closed","ping_status":"closed","sticky":false,"template":"","format":"standard","meta":{"footnotes":"","jetpack_publicize_message":"","jetpack_publicize_feature_enabled":true,"jetpack_social_post_already_shared":true,"jetpack_social_options":{"image_generator_settings":{"template":"highway","enabled":false},"version":2}},"categories":[3],"tags":[],"class_list":["post-24925","post","type-post","status-publish","format-standard","has-post-thumbnail","hentry","category-sociedad"],"jetpack_publicize_connections":[],"_links":{"self":[{"href":"https:\/\/diariorepublica.com.ar\/web\/index.php\/wp-json\/wp\/v2\/posts\/24925"}],"collection":[{"href":"https:\/\/diariorepublica.com.ar\/web\/index.php\/wp-json\/wp\/v2\/posts"}],"about":[{"href":"https:\/\/diariorepublica.com.ar\/web\/index.php\/wp-json\/wp\/v2\/types\/post"}],"author":[{"embeddable":true,"href":"https:\/\/diariorepublica.com.ar\/web\/index.php\/wp-json\/wp\/v2\/users\/1"}],"replies":[{"embeddable":true,"href":"https:\/\/diariorepublica.com.ar\/web\/index.php\/wp-json\/wp\/v2\/comments?post=24925"}],"version-history":[{"count":1,"href":"https:\/\/diariorepublica.com.ar\/web\/index.php\/wp-json\/wp\/v2\/posts\/24925\/revisions"}],"predecessor-version":[{"id":24927,"href":"https:\/\/diariorepublica.com.ar\/web\/index.php\/wp-json\/wp\/v2\/posts\/24925\/revisions\/24927"}],"wp:featuredmedia":[{"embeddable":true,"href":"https:\/\/diariorepublica.com.ar\/web\/index.php\/wp-json\/wp\/v2\/media\/24926"}],"wp:attachment":[{"href":"https:\/\/diariorepublica.com.ar\/web\/index.php\/wp-json\/wp\/v2\/media?parent=24925"}],"wp:term":[{"taxonomy":"category","embeddable":true,"href":"https:\/\/diariorepublica.com.ar\/web\/index.php\/wp-json\/wp\/v2\/categories?post=24925"},{"taxonomy":"post_tag","embeddable":true,"href":"https:\/\/diariorepublica.com.ar\/web\/index.php\/wp-json\/wp\/v2\/tags?post=24925"}],"curies":[{"name":"wp","href":"https:\/\/api.w.org\/{rel}","templated":true}]}}