{"id":24928,"date":"2025-07-10T08:32:12","date_gmt":"2025-07-10T11:32:12","guid":{"rendered":"https:\/\/diariorepublica.com.ar\/web\/?p=24928"},"modified":"2025-07-10T08:32:14","modified_gmt":"2025-07-10T11:32:14","slug":"luis-caputo-el-video-es-una-operacion-para-generar-inestabilidad","status":"publish","type":"post","link":"https:\/\/diariorepublica.com.ar\/web\/index.php\/politica\/2025\/07\/10\/luis-caputo-el-video-es-una-operacion-para-generar-inestabilidad\/","title":{"rendered":"Luis Caputo: \u00abEl video es una operaci\u00f3n para generar inestabilidad\u00bb"},"content":{"rendered":"<p>En l\u00ednea con las \u00faltimas declaraciones del Presidente de la Naci\u00f3n, Luis Caputo ratific\u00f3 el rumbo econ\u00f3mico, desestim\u00f3 un desequilibrio fiscal y critic\u00f3 la sesi\u00f3n del Senado impulsada por los gobernadores. En una entrevista televisiva, el ministro volvi\u00f3 a referirse a una publicaci\u00f3n que circul\u00f3 por redes sociales sobre una futura crisis econ\u00f3mica: \u00abEl video es una operaci\u00f3n para generar inestabilidad\u00bb.<\/p>\n<p>\u00abEl fondo de la cuesti\u00f3n es romper el equilibrio fiscal. Hay gente dispuesta a hacer cualquier cosa para volver a robar\u00bb, insisti\u00f3 el ministro.<\/p>\n<article class=\"article-body article-body--third-paragraph content-protected-false\">\u00abNo normalicemos que, porque estemos en un per\u00edodo electoral, est\u00e9 bien lo que est\u00e1n haciendo.\u00a0<strong>Ellos est\u00e1n queriendo mandar leyes para que al pa\u00eds le vaya mal<\/strong>, no para que al pa\u00eds le vaya bien\u00bb, agreg\u00f3 Caputo y advirti\u00f3:\u00a0<strong>\u00abpor m\u00e1s que lo intenten no va a pasar nada porque tenemos la econom\u00eda sana\u00bb<\/strong>.<\/p>\n<\/article>\n<article class=\"article-body article-body--fourth-paragraph content-protected-false\">El video de la publicaci\u00f3n est\u00e1 acompa\u00f1ado por presuntas citas textuales del conductor<strong>\u00a0Alejandro Fantino<\/strong>, que dan a entender el falso di\u00e1logo que mantuvo con el ministro. \u00abHabl\u00e9 con Toto Caputo y se los quiero contar por si se angustian cuando vean en los pr\u00f3ximos lo que pase con respecto al d\u00f3lar y los n\u00fameros que van a empezar a venir\u00bb, dice el texto, mientras que en otro destacado asegura: \u00ab<strong>Va a ser bravo. La vamos a pasar para el orto<\/strong>, va a volar el riesgo pa\u00eds y va a superar holgadamente los 1000 puntos, el d\u00f3lar se va a ir para arriba, va haber ruido en la calle, y van a ser 3 meses picant\u00edsimos\u00bb.<\/p>\n<\/article>\n<article class=\"article-body article-body--remaining-paragraph content-protected-false\">Luego de anoticiarse de la publicaci\u00f3n, el ministro Caputo tuite\u00f3 para desmentir las versiones del video. \u00abSupongo que esto ser\u00e1 IA o armado de alguna manera. Nada que sorprenda a esta altura\u2026\u00bb, dijo y se refiri\u00f3 al llamado del conductor:\u00a0<strong>\u00abMe llam\u00f3 Alejandro para que le explicara el tema de la cuenta corriente, como impacta el turismo, y ya. Lo que le dije es lo contrario a lo que dice este clip\u00bb<\/strong>.<\/p>\n<div id=\"embed176_wrap\" class=\"embed_cont type_freetext\" contenteditable=\"false\" data-provider=\"Twitter\">\n<div id=\"embed176_content\" class=\"embed_content\">\n<div id=\"embed176_embed\">\n<div class=\"twitter-tweet twitter-tweet-rendered\"><iframe id=\"twitter-widget-0\" class=\"\" title=\"X Post\" src=\"https:\/\/platform.twitter.com\/embed\/Tweet.html?creatorScreenName=Ambitocom&amp;dnt=false&amp;embedId=twitter-widget-0&amp;features=eyJ0ZndfdGltZWxpbmVfbGlzdCI6eyJidWNrZXQiOltdLCJ2ZXJzaW9uIjpudWxsfSwidGZ3X2ZvbGxvd2VyX2NvdW50X3N1bnNldCI6eyJidWNrZXQiOnRydWUsInZlcnNpb24iOm51bGx9LCJ0ZndfdHdlZXRfZWRpdF9iYWNrZW5kIjp7ImJ1Y2tldCI6Im9uIiwidmVyc2lvbiI6bnVsbH0sInRmd19yZWZzcmNfc2Vzc2lvbiI6eyJidWNrZXQiOiJvbiIsInZlcnNpb24iOm51bGx9LCJ0ZndfZm9zbnJfc29mdF9pbnRlcnZlbnRpb25zX2VuYWJsZWQiOnsiYnVja2V0Ijoib24iLCJ2ZXJzaW9uIjpudWxsfSwidGZ3X21peGVkX21lZGlhXzE1ODk3Ijp7ImJ1Y2tldCI6InRyZWF0bWVudCIsInZlcnNpb24iOm51bGx9LCJ0ZndfZXhwZXJpbWVudHNfY29va2llX2V4cGlyYXRpb24iOnsiYnVja2V0IjoxMjA5NjAwLCJ2ZXJzaW9uIjpudWxsfSwidGZ3X3Nob3dfYmlyZHdhdGNoX3Bpdm90c19lbmFibGVkIjp7ImJ1Y2tldCI6Im9uIiwidmVyc2lvbiI6bnVsbH0sInRmd19kdXBsaWNhdGVfc2NyaWJlc190b19zZXR0aW5ncyI6eyJidWNrZXQiOiJvbiIsInZlcnNpb24iOm51bGx9LCJ0ZndfdXNlX3Byb2ZpbGVfaW1hZ2Vfc2hhcGVfZW5hYmxlZCI6eyJidWNrZXQiOiJvbiIsInZlcnNpb24iOm51bGx9LCJ0ZndfdmlkZW9faGxzX2R5bmFtaWNfbWFuaWZlc3RzXzE1MDgyIjp7ImJ1Y2tldCI6InRydWVfYml0cmF0ZSIsInZlcnNpb24iOm51bGx9LCJ0ZndfbGVnYWN5X3RpbWVsaW5lX3N1bnNldCI6eyJidWNrZXQiOnRydWUsInZlcnNpb24iOm51bGx9LCJ0ZndfdHdlZXRfZWRpdF9mcm9udGVuZCI6eyJidWNrZXQiOiJvbiIsInZlcnNpb24iOm51bGx9fQ%3D%3D&amp;frame=false&amp;hideCard=false&amp;hideThread=false&amp;id=1943054250923184188&amp;lang=es&amp;origin=https%3A%2F%2Fwww.ambito.com%2Fpolitica%2Fluis-caputo-el-video-es-una-operacion-generar-inestabilidad-n6165499&amp;sessionId=947dddfb7cc32403aeaaad049875cf39965175c6&amp;siteScreenName=Ambitocom&amp;theme=light&amp;widgetsVersion=2615f7e52b7e0%3A1702314776716&amp;width=550px\" frameborder=\"0\" scrolling=\"no\" allowfullscreen=\"allowfullscreen\" data-tweet-id=\"1943054250923184188\" data-mce-fragment=\"1\"><\/iframe><\/div>\n<\/div>\n<\/div>\n<\/div>\n<p>El propio Fantino aclar\u00f3 la situaci\u00f3n en sus redes sociales: \u00abEste es el video completo de mi editorial de hoy,<strong>\u00a0hicieron circular algo editado y armaron una operaci\u00f3n berreta y de manual.\u00a0<\/strong>Lo que dije hoy es todo lo contrario, a lo que el video editado muestra. T\u00f3mense el tiempo de ver el video completo\u00bb.<\/p>\n<p>ambito.com<\/p>\n<\/article>\n","protected":false},"excerpt":{"rendered":"<p>En l\u00ednea con las \u00faltimas declaraciones del Presidente de la Naci\u00f3n, Luis Caputo ratific\u00f3 el rumbo econ\u00f3mico, desestim\u00f3 un desequilibrio<\/p>\n","protected":false},"author":1,"featured_media":0,"comment_status":"closed","ping_status":"closed","sticky":false,"template":"","format":"standard","meta":{"footnotes":"","jetpack_publicize_message":"","jetpack_publicize_feature_enabled":true,"jetpack_social_post_already_shared":true,"jetpack_social_options":{"image_generator_settings":{"template":"highway","enabled":false},"version":2}},"categories":[12],"tags":[],"class_list":["post-24928","post","type-post","status-publish","format-standard","hentry","category-politica"],"jetpack_publicize_connections":[],"_links":{"self":[{"href":"https:\/\/diariorepublica.com.ar\/web\/index.php\/wp-json\/wp\/v2\/posts\/24928"}],"collection":[{"href":"https:\/\/diariorepublica.com.ar\/web\/index.php\/wp-json\/wp\/v2\/posts"}],"about":[{"href":"https:\/\/diariorepublica.com.ar\/web\/index.php\/wp-json\/wp\/v2\/types\/post"}],"author":[{"embeddable":true,"href":"https:\/\/diariorepublica.com.ar\/web\/index.php\/wp-json\/wp\/v2\/users\/1"}],"replies":[{"embeddable":true,"href":"https:\/\/diariorepublica.com.ar\/web\/index.php\/wp-json\/wp\/v2\/comments?post=24928"}],"version-history":[{"count":1,"href":"https:\/\/diariorepublica.com.ar\/web\/index.php\/wp-json\/wp\/v2\/posts\/24928\/revisions"}],"predecessor-version":[{"id":24929,"href":"https:\/\/diariorepublica.com.ar\/web\/index.php\/wp-json\/wp\/v2\/posts\/24928\/revisions\/24929"}],"wp:attachment":[{"href":"https:\/\/diariorepublica.com.ar\/web\/index.php\/wp-json\/wp\/v2\/media?parent=24928"}],"wp:term":[{"taxonomy":"category","embeddable":true,"href":"https:\/\/diariorepublica.com.ar\/web\/index.php\/wp-json\/wp\/v2\/categories?post=24928"},{"taxonomy":"post_tag","embeddable":true,"href":"https:\/\/diariorepublica.com.ar\/web\/index.php\/wp-json\/wp\/v2\/tags?post=24928"}],"curies":[{"name":"wp","href":"https:\/\/api.w.org\/{rel}","templated":true}]}}