{"id":24930,"date":"2025-07-10T06:32:00","date_gmt":"2025-07-10T09:32:00","guid":{"rendered":"https:\/\/diariorepublica.com.ar\/web\/?p=24930"},"modified":"2025-07-10T08:33:40","modified_gmt":"2025-07-10T11:33:40","slug":"donald-trump-le-impuso-un-arancel-del-50-a-brasil","status":"publish","type":"post","link":"https:\/\/diariorepublica.com.ar\/web\/index.php\/internacionales\/2025\/07\/10\/donald-trump-le-impuso-un-arancel-del-50-a-brasil\/","title":{"rendered":"Donald Trump le impuso un arancel del 50% a Brasil"},"content":{"rendered":"<article class=\"article-body article-body--first-paragraph content-protected-false\" data-td-script-src=\"https:\/\/www.ambito.com\/td\/modulos\/encuestas\/js\/function-embeds-min-version-1747541270.js\"><strong>El presidente de Estados Unidos, Donald Trump, anunci\u00f3 este mi\u00e9rcoles la aplicaci\u00f3n de un arancel del 50% a Brasil<\/strong>,<strong>\u00a0argumentando que este alto gravamen se debe no solo al d\u00e9ficit comercial, sino al juicio contra el expresidente Jair Bolsonaro<\/strong>\u00a0por intento de golpe de Estado y por los \u00abataques\u00bb a la libertad electoral y de expresi\u00f3n.<\/p>\n<\/article>\n<article class=\"article-body article-body--second-paragraph content-protected-false\">\u00abHe conocido y tratado con el expresidente Jair Bolsonaro, y le he respetado mucho, tal y como hicieron la mayor\u00eda de los l\u00edderes de otros pa\u00edses. La forma en la que Brasil le ha tratado a un l\u00edder altamente respectado en el mundo durante su mandato, incluido Estados Unidos, es una verg\u00fcenza internacional.<strong>\u00a0El juicio no deber\u00eda tener lugar. Es una caza de brujas que debe terminar inmediatamente\u00bb, ha indicado en una misiva al presidente brasile\u00f1o, Lula da Silva.<\/strong><\/p>\n<article class=\"article-body article-body--third-paragraph content-protected-false\">No obstante, Trump ha se\u00f1alado que la aplicaci\u00f3n de los aranceles a los productos brasile\u00f1os se deben tambi\u00e9n \u00aben parte a los maliciosos ataques de Brasil en la libertad electoral, y los derechos fundamentales de libertad de expresi\u00f3n\u00bb. En este sentido, ha puesto como ejemplo las\u00a0<strong>\u00abcentenares de \u00f3rdenes de censura secretas e ilegales emitidas contra plataformas de redes sociales estadounidenses\u00bb<\/strong>, a las que el Supremo de Brasil ha \u00abamenazado con multas de millones de d\u00f3lares y la salida del mercado brasile\u00f1o.<\/p>\n<\/article>\n<article class=\"article-body article-body--fourth-paragraph content-protected-false\">Vale recordar que<strong>\u00a0el 2 de abril, EEUU le hab\u00eda puesto un recargo del 10% a las importaciones desde Brasil<\/strong>, en l\u00ednea con la tasa m\u00ednima aplicada a casi todos los pa\u00edses de la regi\u00f3n.<\/p>\n<\/article>\n<\/article>\n","protected":false},"excerpt":{"rendered":"<p>El presidente de Estados Unidos, Donald Trump, anunci\u00f3 este mi\u00e9rcoles la aplicaci\u00f3n de un arancel del 50% a Brasil,\u00a0argumentando que<\/p>\n","protected":false},"author":1,"featured_media":24931,"comment_status":"closed","ping_status":"closed","sticky":false,"template":"","format":"standard","meta":{"footnotes":"","jetpack_publicize_message":"","jetpack_publicize_feature_enabled":true,"jetpack_social_post_already_shared":true,"jetpack_social_options":{"image_generator_settings":{"template":"highway","enabled":false},"version":2}},"categories":[6],"tags":[],"class_list":["post-24930","post","type-post","status-publish","format-standard","has-post-thumbnail","hentry","category-internacionales"],"jetpack_publicize_connections":[],"_links":{"self":[{"href":"https:\/\/diariorepublica.com.ar\/web\/index.php\/wp-json\/wp\/v2\/posts\/24930"}],"collection":[{"href":"https:\/\/diariorepublica.com.ar\/web\/index.php\/wp-json\/wp\/v2\/posts"}],"about":[{"href":"https:\/\/diariorepublica.com.ar\/web\/index.php\/wp-json\/wp\/v2\/types\/post"}],"author":[{"embeddable":true,"href":"https:\/\/diariorepublica.com.ar\/web\/index.php\/wp-json\/wp\/v2\/users\/1"}],"replies":[{"embeddable":true,"href":"https:\/\/diariorepublica.com.ar\/web\/index.php\/wp-json\/wp\/v2\/comments?post=24930"}],"version-history":[{"count":1,"href":"https:\/\/diariorepublica.com.ar\/web\/index.php\/wp-json\/wp\/v2\/posts\/24930\/revisions"}],"predecessor-version":[{"id":24932,"href":"https:\/\/diariorepublica.com.ar\/web\/index.php\/wp-json\/wp\/v2\/posts\/24930\/revisions\/24932"}],"wp:featuredmedia":[{"embeddable":true,"href":"https:\/\/diariorepublica.com.ar\/web\/index.php\/wp-json\/wp\/v2\/media\/24931"}],"wp:attachment":[{"href":"https:\/\/diariorepublica.com.ar\/web\/index.php\/wp-json\/wp\/v2\/media?parent=24930"}],"wp:term":[{"taxonomy":"category","embeddable":true,"href":"https:\/\/diariorepublica.com.ar\/web\/index.php\/wp-json\/wp\/v2\/categories?post=24930"},{"taxonomy":"post_tag","embeddable":true,"href":"https:\/\/diariorepublica.com.ar\/web\/index.php\/wp-json\/wp\/v2\/tags?post=24930"}],"curies":[{"name":"wp","href":"https:\/\/api.w.org\/{rel}","templated":true}]}}