{"id":24933,"date":"2025-07-10T09:33:00","date_gmt":"2025-07-10T12:33:00","guid":{"rendered":"https:\/\/diariorepublica.com.ar\/web\/?p=24933"},"modified":"2025-07-10T08:35:37","modified_gmt":"2025-07-10T11:35:37","slug":"con-la-agenda-de-los-gobernadores-el-senado-disputara-en-sesion-el-rumbo-del-gobierno","status":"publish","type":"post","link":"https:\/\/diariorepublica.com.ar\/web\/index.php\/politica\/2025\/07\/10\/con-la-agenda-de-los-gobernadores-el-senado-disputara-en-sesion-el-rumbo-del-gobierno\/","title":{"rendered":"Con la agenda de los gobernadores, el Senado disputar\u00e1 en sesi\u00f3n el rumbo del Gobierno"},"content":{"rendered":"<article class=\"article-body article-body--first-paragraph content-protected-false\" data-td-script-src=\"https:\/\/www.ambito.com\/td\/modulos\/encuestas\/js\/function-embeds-min-version-1747541270.js\">La\u00a0confrontaci\u00f3n m\u00e1s expl\u00edcita del\u00a0<strong>Senado\u00a0<\/strong>al Gobierno de la Naci\u00f3n\u00a0se materializar\u00e1 este jueves cuando, con el respaldo de los gobernadores, se presentar\u00e1n proyectos que impactan en el<strong>\u00a0ingreso de jubilados y la redistribuci\u00f3n de los fondos nacionales<\/strong>\u00a0a las provincias. Todas los propuestas son susceptibles de ser\u00a0<strong>vetadas por Javier Milei.<\/strong><\/p>\n<\/article>\n<article class=\"article-body article-body--second-paragraph content-protected-false\">A pesar del fracaso en la\u00a0reuni\u00f3n de\u00a0<strong>Labor Parlamentaria<\/strong>, los senadores se convocar\u00e1n en una sesi\u00f3n para el<strong>\u00a0jueves 10 de julio a las 14 horas<\/strong>. Ser\u00eda sorpresivo que no lleguen al quorum: necesitan 37 legisladores y el peronismo aportar\u00eda 34. Desde el entorno de\u00a0<strong>Victoria Villarruel<\/strong>, quien preside la C\u00e1mara alta, indicaron que se habilitar\u00e1 el temario en caso de que se llegue a ese n\u00famero de presencias. Se prev\u00e9 una sesi\u00f3n tensa que incluir\u00e1 el pedido de retractaci\u00f3n de\u00a0<strong>Agust\u00edn Giustinian<\/strong>, secretario parlamentario que declar\u00f3 inv\u00e1lidos los dict\u00e1menes alcanzados por los senadores en los proyectos previsionales y de discapacidad.<\/p>\n<p>La atenci\u00f3n del Poder Ejecutivo en la sesi\u00f3n es total. Tal es as\u00ed que el propio\u00a0<strong>Javier Milei\u00a0<\/strong>se expres\u00f3 al respecto, entendiendo que la iniciativa de los gobernadores tiene el objetivo de \u00abdestruir al Gobierno nacional\u00bb:<strong>\u00a0\u201cTodo lo que puedan hacer de da\u00f1o va a tener un impacto transitorio<\/strong>, porque despu\u00e9s de que los aplastemos en las elecciones yo vuelvo a poner las cuentas fiscales en orden, a la brevedad\u201d. Entrevistado en El Observador, asegur\u00f3 que las provincias reciben entre 7% y 8% m\u00e1s de fondos en t\u00e9rminos reales: \u00abEst\u00e1n recibiendo un mont\u00f3n de recursos. Y adem\u00e1s, partieron de una situaci\u00f3n de equilibrio, con lo cual no es que les est\u00e1n faltando\u00bb.<\/p>\n<article class=\"article-body article-body--fourth-paragraph content-protected-false\">En el temario, existen cuatro proyectos que llegan con dictamen y\u00a0<strong>media sanci\u00f3n de Diputados<\/strong>, por lo que si son aprobados por una mayor\u00eda simple en la sesi\u00f3n del jueves se convertir\u00e1n en ley. Uno de ellos es la\u00a0<strong>declaraci\u00f3n de emergencia para la discapacidad<\/strong>\u00a0hasta diciembre del 2027, que garantiza partidas presupuestarias para incrementar el\u00a0<strong>pago a los prestadores de servicios<\/strong>\u00a0y rehabilitar el esquema de\u00a0<strong>pensiones<\/strong>. En la C\u00e1mara baja, obtuvo\u00a0<strong data-start=\"3210\" data-end=\"3231\">148 votos a favor<\/strong>,\u00a0<strong data-start=\"3233\" data-end=\"3249\">71 en contra<\/strong>\u00a0y\u00a0<strong data-start=\"3252\" data-end=\"3270\">3 abstenciones<\/strong><\/p>\n<\/article>\n<article class=\"article-body article-body--remaining-paragraph content-protected-false\">Adem\u00e1s, hay otras tres propuestas vinculadas a las jubilaciones: aumento excepcional por \u00fanica vez los\u00a0<strong>ingresos jubilatorios, el aumento del bono extraordinario y la restauraci\u00f3n de la moratoria previsional.\u00a0<\/strong>Entre los\u00a0acompa\u00f1amientos al dictamen en la comisi\u00f3n del Senado\u00a0se encontraron firmas del peronismo, el radicalismo y el PRO.<\/p>\n<p>Por otro lado, existen dos proyectos con acompa\u00f1amiento de los\u00a0<strong>24 gobernadores<\/strong>, para que haya<strong>\u00a0un mayor reparto a las provincias de los ATN\u00a0<\/strong>y que se\u00a0<strong>coparticipe una parte de lo recaudado con el Impuesto a los Combustibles L\u00edquidos<\/strong>, que se destinar\u00e1 un 14,29% para el Tesoro Nacional, un 57,02% para las provincias, y 28,69% para el Sistema \u00danico de Seguridad Social de las obligaciones previsionales nacionales.\u00a0<strong>\u00abSe vota y salen los dos proyectos de los gobernadores por paliza\u00bb<\/strong>, dijo un asesor provincial a \u00c1mbito: como no tienen dict\u00e1menes, necesitan mayor\u00eda especial de dos tercios del recinto.<\/p>\n<p>A su vez se impulsar\u00e1 la\u00a0<strong>eliminaci\u00f3n de los fideicomisos<\/strong>\u00a0de Infraestructura H\u00eddrica; de Infraestructura de Transporte; y Sistema Vial Integrado; y los fondos Compensador del Transporte; Especial de Desarrollo El\u00e9ctrico del Interior; y Nacional de la Vivienda. Los fondos que se desprendan de all\u00ed ser\u00e1n distribuidos seg\u00fan lo que establece la\u00a0<strong>Ley de Coparticipaci\u00f3n Federal<\/strong>.<\/p>\n<p>Tambi\u00e9n se tratar\u00e1 un\u00a0proyecto de declaraci\u00f3n\u00a0&#8211;<strong>presentado por el radicalismo y con anticipado apoyo del peronismo y de los provincialismos<\/strong>&#8211; para que el \u00faltimo fallo judicial de\u00a0<strong>Loretta Preska\u00a0<\/strong>no tenga injerencia en el paquete accionario mayoritario que tiene la Argentina sobre\u00a0<strong>YPF.<\/strong><\/p>\n<p>Adem\u00e1s, se prev\u00e9 que la C\u00e1mara alta intente revertir el\u00a0<strong>veto presidencial a la\u00a0declaraci\u00f3n de emergencia a Bah\u00eda Blanca<\/strong>, para destinar fondos especiales por la tragedia que sufri\u00f3 la ciudad en marzo de este a\u00f1o. Para alcanzarlo, tambi\u00e9n precisan dos tercios de los votos: el \u00faltimo antecedente fue la aprobaci\u00f3n del Senado a este mismo proyecto, que logr\u00f3 aprobaci\u00f3n un\u00e1nime (64 a favor y 8 ausentes).<\/p>\n<p>ambito.com<\/p>\n<\/article>\n<\/article>\n","protected":false},"excerpt":{"rendered":"<p>La\u00a0confrontaci\u00f3n m\u00e1s expl\u00edcita del\u00a0Senado\u00a0al Gobierno de la Naci\u00f3n\u00a0se materializar\u00e1 este jueves cuando, con el respaldo de los gobernadores, se presentar\u00e1n<\/p>\n","protected":false},"author":1,"featured_media":24934,"comment_status":"closed","ping_status":"closed","sticky":false,"template":"","format":"standard","meta":{"footnotes":"","jetpack_publicize_message":"","jetpack_publicize_feature_enabled":true,"jetpack_social_post_already_shared":true,"jetpack_social_options":{"image_generator_settings":{"template":"highway","enabled":false},"version":2}},"categories":[12],"tags":[],"class_list":["post-24933","post","type-post","status-publish","format-standard","has-post-thumbnail","hentry","category-politica"],"jetpack_publicize_connections":[],"_links":{"self":[{"href":"https:\/\/diariorepublica.com.ar\/web\/index.php\/wp-json\/wp\/v2\/posts\/24933"}],"collection":[{"href":"https:\/\/diariorepublica.com.ar\/web\/index.php\/wp-json\/wp\/v2\/posts"}],"about":[{"href":"https:\/\/diariorepublica.com.ar\/web\/index.php\/wp-json\/wp\/v2\/types\/post"}],"author":[{"embeddable":true,"href":"https:\/\/diariorepublica.com.ar\/web\/index.php\/wp-json\/wp\/v2\/users\/1"}],"replies":[{"embeddable":true,"href":"https:\/\/diariorepublica.com.ar\/web\/index.php\/wp-json\/wp\/v2\/comments?post=24933"}],"version-history":[{"count":1,"href":"https:\/\/diariorepublica.com.ar\/web\/index.php\/wp-json\/wp\/v2\/posts\/24933\/revisions"}],"predecessor-version":[{"id":24935,"href":"https:\/\/diariorepublica.com.ar\/web\/index.php\/wp-json\/wp\/v2\/posts\/24933\/revisions\/24935"}],"wp:featuredmedia":[{"embeddable":true,"href":"https:\/\/diariorepublica.com.ar\/web\/index.php\/wp-json\/wp\/v2\/media\/24934"}],"wp:attachment":[{"href":"https:\/\/diariorepublica.com.ar\/web\/index.php\/wp-json\/wp\/v2\/media?parent=24933"}],"wp:term":[{"taxonomy":"category","embeddable":true,"href":"https:\/\/diariorepublica.com.ar\/web\/index.php\/wp-json\/wp\/v2\/categories?post=24933"},{"taxonomy":"post_tag","embeddable":true,"href":"https:\/\/diariorepublica.com.ar\/web\/index.php\/wp-json\/wp\/v2\/tags?post=24933"}],"curies":[{"name":"wp","href":"https:\/\/api.w.org\/{rel}","templated":true}]}}