{"id":24938,"date":"2025-07-10T05:37:00","date_gmt":"2025-07-10T08:37:00","guid":{"rendered":"https:\/\/diariorepublica.com.ar\/web\/?p=24938"},"modified":"2025-07-10T08:40:39","modified_gmt":"2025-07-10T11:40:39","slug":"fantino-en-llamas-publico-el-video-completo-y-denuncio-una-operacion-berreta-para-enfrentarlo-a-caputo","status":"publish","type":"post","link":"https:\/\/diariorepublica.com.ar\/web\/index.php\/nacionales\/2025\/07\/10\/fantino-en-llamas-publico-el-video-completo-y-denuncio-una-operacion-berreta-para-enfrentarlo-a-caputo\/","title":{"rendered":"Fantino, en llamas, public\u00f3 el video completo y denunci\u00f3 una \u201coperaci\u00f3n berreta\u201d para enfrentarlo a Caputo"},"content":{"rendered":"<p><strong>El periodista Alejandro Fantino public\u00f3\u00a0 el video completo de su editorial para desmentir un recorte manipulado que circul\u00f3 en redes y que hab\u00eda motivado al ministro de Econom\u00eda<\/strong><strong>, Luis \u201cToto\u201d Caputo, a salir a aclarar. \u201cHicieron circular algo editado y armaron una operaci\u00f3n berreta y de manual\u201d, denunci\u00f3 el conductor.<\/strong><\/p>\n<p>Seg\u00fan supo Noticias Argentinas, Fantino respondi\u00f3 a la pol\u00e9mica en su cuenta oficial de X, donde acompa\u00f1\u00f3 el posteo con el link al programa completo.\u00a0<strong>\u201cEste es el video completo de mi editorial de hoy. Lo que dije hoy es todo lo contrario a lo que el video editado muestra\u201d, enfatiz\u00f3.<\/strong><\/p>\n<p>En su descargo, Fantino explic\u00f3 el contexto de su conversaci\u00f3n con Caputo y el an\u00e1lisis sobre la situaci\u00f3n econ\u00f3mica, utilizando su caracter\u00edstico tono y met\u00e1foras. All\u00ed describi\u00f3 el esquema macroecon\u00f3mico del Gobierno como una \u201cnave espacial\u201d con tres reactores:\u00a0<strong>\u201cd\u00e9ficit de cuenta corriente\u201d, \u201ctipo de cambio\u201d y \u201csuper\u00e1vit fiscal\u201d<\/strong>.<\/p>\n<p><strong>\u201cVoy a romper el off con Toto Caputo\u201d, anunci\u00f3 Fantino, y desarroll\u00f3: \u201cMandrilandia necesita meter un misil en un agujero que se llama super\u00e1vit fiscal. Pero el d\u00e9ficit de cuenta corriente est\u00e1 en 1,8, para explotar deber\u00eda estar entre 12 y 18. El tipo de cambio est\u00e1 fijo. Y el super\u00e1vit fiscal est\u00e1 en cero. Entonces, \u00bfqu\u00e9 van a atacar? Claro, el super\u00e1vit fiscal\u201d<\/strong>, explic\u00f3, en l\u00ednea con la postura oficial de que la macro est\u00e1 ordenada.<\/p>\n<p>M\u00e1s adelante, resumi\u00f3 la advertencia que atribuy\u00f3 al propio presidente:\u00a0<strong>\u201cJavier dice: tranquilos, vamos a bailar y la vamos a pasar muy mal de ac\u00e1 a diciembre. Guarda que se va a mover la nave. Vos que sos clase media, la vas a sentir, papito. Si hab\u00edas pagado un viaje para fin de a\u00f1o, olvidate. Tal vez no puedas viajar\u201d<\/strong>, en alusi\u00f3n a las tensiones pol\u00edticas y sociales que podr\u00edan golpear el rumbo econ\u00f3mico, pero sin implicar un diagn\u00f3stico de descontrol.<\/p>\n<p>En otro tramo del editorial, insisti\u00f3:\u00a0<strong>\u201cEl super\u00e1vit fiscal no se negocia, boludo. Son tres reactores. Si un reactor empieza a andar mal, la nave se te pone de cabeza. Mientras los tres reactores est\u00e9n andando bien, es dif\u00edcil que Mandrilandia te pueda lastimar\u201d<\/strong>, en referencia a la estrategia de Milei de vetar las leyes que amenacen el equilibrio fiscal.<\/p>\n","protected":false},"excerpt":{"rendered":"<p>El periodista Alejandro Fantino public\u00f3\u00a0 el video completo de su editorial para desmentir un recorte manipulado que circul\u00f3 en redes<\/p>\n","protected":false},"author":1,"featured_media":24939,"comment_status":"closed","ping_status":"closed","sticky":false,"template":"","format":"standard","meta":{"footnotes":"","jetpack_publicize_message":"","jetpack_publicize_feature_enabled":true,"jetpack_social_post_already_shared":true,"jetpack_social_options":{"image_generator_settings":{"template":"highway","enabled":false},"version":2}},"categories":[4],"tags":[],"class_list":["post-24938","post","type-post","status-publish","format-standard","has-post-thumbnail","hentry","category-nacionales"],"jetpack_publicize_connections":[],"_links":{"self":[{"href":"https:\/\/diariorepublica.com.ar\/web\/index.php\/wp-json\/wp\/v2\/posts\/24938"}],"collection":[{"href":"https:\/\/diariorepublica.com.ar\/web\/index.php\/wp-json\/wp\/v2\/posts"}],"about":[{"href":"https:\/\/diariorepublica.com.ar\/web\/index.php\/wp-json\/wp\/v2\/types\/post"}],"author":[{"embeddable":true,"href":"https:\/\/diariorepublica.com.ar\/web\/index.php\/wp-json\/wp\/v2\/users\/1"}],"replies":[{"embeddable":true,"href":"https:\/\/diariorepublica.com.ar\/web\/index.php\/wp-json\/wp\/v2\/comments?post=24938"}],"version-history":[{"count":1,"href":"https:\/\/diariorepublica.com.ar\/web\/index.php\/wp-json\/wp\/v2\/posts\/24938\/revisions"}],"predecessor-version":[{"id":24940,"href":"https:\/\/diariorepublica.com.ar\/web\/index.php\/wp-json\/wp\/v2\/posts\/24938\/revisions\/24940"}],"wp:featuredmedia":[{"embeddable":true,"href":"https:\/\/diariorepublica.com.ar\/web\/index.php\/wp-json\/wp\/v2\/media\/24939"}],"wp:attachment":[{"href":"https:\/\/diariorepublica.com.ar\/web\/index.php\/wp-json\/wp\/v2\/media?parent=24938"}],"wp:term":[{"taxonomy":"category","embeddable":true,"href":"https:\/\/diariorepublica.com.ar\/web\/index.php\/wp-json\/wp\/v2\/categories?post=24938"},{"taxonomy":"post_tag","embeddable":true,"href":"https:\/\/diariorepublica.com.ar\/web\/index.php\/wp-json\/wp\/v2\/tags?post=24938"}],"curies":[{"name":"wp","href":"https:\/\/api.w.org\/{rel}","templated":true}]}}