{"id":24968,"date":"2025-07-11T05:42:00","date_gmt":"2025-07-11T08:42:00","guid":{"rendered":"https:\/\/diariorepublica.com.ar\/web\/?p=24968"},"modified":"2025-07-11T07:43:26","modified_gmt":"2025-07-11T10:43:26","slug":"el-arbitraje-argentino-implementara-nuevas-medidas-en-el-torneo-clausura-2025","status":"publish","type":"post","link":"https:\/\/diariorepublica.com.ar\/web\/index.php\/deportes\/2025\/07\/11\/el-arbitraje-argentino-implementara-nuevas-medidas-en-el-torneo-clausura-2025\/","title":{"rendered":"El arbitraje argentino implementar\u00e1 nuevas medidas en el Torneo Clausura 2025"},"content":{"rendered":"<p>En el marco del\u00a0<strong>Media Day<\/strong>\u00a0organizado por la\u00a0<strong>Asociaci\u00f3n del F\u00fatbol Argentino (AFA)<\/strong>, el Director Nacional de Arbitraje,\u00a0<strong>Federico Beligoy<\/strong>, y el \u00e1rbitro internacional\u00a0<strong>Fernando Rapallini<\/strong>, anunciaron este jueves una serie de\u00a0<strong>reformas que se implementar\u00e1n de manera progresiva<\/strong>\u00a0a lo largo de las pr\u00f3ximas fechas del certamen de\u00a0<strong>Primera Divisi\u00f3n<\/strong>.<\/p>\n<p>Con el inicio del\u00a0<strong>Torneo Clausura 2025<\/strong>, el arbitraje argentino dar\u00e1 un paso hacia la modernizaci\u00f3n y la transparencia.<\/p>\n<p>Una de las modificaciones m\u00e1s relevantes ser\u00e1 la reproducci\u00f3n de las\u00a0<strong>revisiones del VAR<\/strong>\u00a0en los estadios, disponibles para el p\u00fablico presente en las tribunas. Esta medida comenzar\u00e1 a aplicarse entre la fecha 3 y la 4, seg\u00fan el avance de las adaptaciones t\u00e9cnicas en cada sede.<\/p>\n<p>De esta forma, Argentina se sumar\u00e1 a una tendencia internacional que apunta a mejorar la transparencia de las decisiones arbitrales y reducir los niveles de incertidumbre e incomprensi\u00f3n entre los hinchas.<\/p>\n<p>Adem\u00e1s, se oficializ\u00f3 la\u00a0<strong>eliminaci\u00f3n del sistema de alcanzapelotas<\/strong>. En su lugar, se dispondr\u00e1n 12 balones en conos ubicados estrat\u00e9gicamente alrededor del campo de juego, lo que permitir\u00e1 una reanudaci\u00f3n m\u00e1s r\u00e1pida del juego, especialmente en partidos con alta din\u00e1mica.<\/p>\n<p>Esta medida busca evitar demoras innecesarias y situaciones de ventaja provocadas por manejos externos del ritmo del encuentro.<\/p>\n<p>Por \u00faltimo, se lanzar\u00e1 una nueva cuenta oficial de\u00a0<strong>Twitter<\/strong>\u00a0del Departamento de Arbitraje, desde donde se brindar\u00e1n explicaciones t\u00e9cnicas y fundamentos sobre las decisiones m\u00e1s importantes tomadas durante cada jornada.<\/p>\n<p>Esta herramienta ser\u00e1 clave para acercar el reglamento al p\u00fablico general, fomentar el debate informado y darle mayor visibilidad al trabajo arbitral.<\/p>\n<p>Con estas iniciativas, la AFA busca dar un giro significativo en la relaci\u00f3n entre el arbitraje y el entorno del f\u00fatbol argentino, tradicionalmente marcado por tensiones, pol\u00e9micas y falta de comunicaci\u00f3n.<\/p>\n<p>NA<\/p>\n","protected":false},"excerpt":{"rendered":"<p>En el marco del\u00a0Media Day\u00a0organizado por la\u00a0Asociaci\u00f3n del F\u00fatbol Argentino (AFA), el Director Nacional de Arbitraje,\u00a0Federico Beligoy, y el \u00e1rbitro<\/p>\n","protected":false},"author":1,"featured_media":24969,"comment_status":"closed","ping_status":"closed","sticky":false,"template":"","format":"standard","meta":{"footnotes":"","jetpack_publicize_message":"","jetpack_publicize_feature_enabled":true,"jetpack_social_post_already_shared":true,"jetpack_social_options":{"image_generator_settings":{"template":"highway","enabled":false},"version":2}},"categories":[9],"tags":[],"class_list":["post-24968","post","type-post","status-publish","format-standard","has-post-thumbnail","hentry","category-deportes"],"jetpack_publicize_connections":[],"_links":{"self":[{"href":"https:\/\/diariorepublica.com.ar\/web\/index.php\/wp-json\/wp\/v2\/posts\/24968"}],"collection":[{"href":"https:\/\/diariorepublica.com.ar\/web\/index.php\/wp-json\/wp\/v2\/posts"}],"about":[{"href":"https:\/\/diariorepublica.com.ar\/web\/index.php\/wp-json\/wp\/v2\/types\/post"}],"author":[{"embeddable":true,"href":"https:\/\/diariorepublica.com.ar\/web\/index.php\/wp-json\/wp\/v2\/users\/1"}],"replies":[{"embeddable":true,"href":"https:\/\/diariorepublica.com.ar\/web\/index.php\/wp-json\/wp\/v2\/comments?post=24968"}],"version-history":[{"count":1,"href":"https:\/\/diariorepublica.com.ar\/web\/index.php\/wp-json\/wp\/v2\/posts\/24968\/revisions"}],"predecessor-version":[{"id":24970,"href":"https:\/\/diariorepublica.com.ar\/web\/index.php\/wp-json\/wp\/v2\/posts\/24968\/revisions\/24970"}],"wp:featuredmedia":[{"embeddable":true,"href":"https:\/\/diariorepublica.com.ar\/web\/index.php\/wp-json\/wp\/v2\/media\/24969"}],"wp:attachment":[{"href":"https:\/\/diariorepublica.com.ar\/web\/index.php\/wp-json\/wp\/v2\/media?parent=24968"}],"wp:term":[{"taxonomy":"category","embeddable":true,"href":"https:\/\/diariorepublica.com.ar\/web\/index.php\/wp-json\/wp\/v2\/categories?post=24968"},{"taxonomy":"post_tag","embeddable":true,"href":"https:\/\/diariorepublica.com.ar\/web\/index.php\/wp-json\/wp\/v2\/tags?post=24968"}],"curies":[{"name":"wp","href":"https:\/\/api.w.org\/{rel}","templated":true}]}}