{"id":25033,"date":"2025-07-15T03:07:00","date_gmt":"2025-07-15T06:07:00","guid":{"rendered":"https:\/\/diariorepublica.com.ar\/web\/?p=25033"},"modified":"2025-07-15T08:08:54","modified_gmt":"2025-07-15T11:08:54","slug":"leandro-paredes-podria-ser-convocado-en-boca-para-el-proximo-partido-ante-union","status":"publish","type":"post","link":"https:\/\/diariorepublica.com.ar\/web\/index.php\/deportes\/2025\/07\/15\/leandro-paredes-podria-ser-convocado-en-boca-para-el-proximo-partido-ante-union\/","title":{"rendered":"Leandro Paredes podr\u00eda ser convocado en Boca para el pr\u00f3ximo partido ante Uni\u00f3n"},"content":{"rendered":"<article id=\"article-post\" class=\"first\">\n<div class=\"cuerpo\" data-twitter-link=\"https:\/\/twitter.com\/intent\/tweet?url=https:\/\/www.diariopopular.com.ar\/c852097&amp;via=poopulardiario&amp;related=Popular&amp;text=\">\n<p><strong>Se acerca el reestreno de Leandro Paredes en Boca: podr\u00eda estar convocado para el pr\u00f3ximo partido ante Uni\u00f3n.\u00a0<\/strong>Tras el flojo nivel ante Argentinos Juniors, que\u00a0termin\u00f3 con un 0-0\u00a0que pudo ser tranquilamente derrota si el rival hubiera tenido m\u00e1s contundencia,\u00a0<strong>Miguel \u00c1ngel Russo asegur\u00f3 sobre el 5: \u00abSi lo veo bien, no tengo dudas en<\/strong>\u00a0<strong>ponerlo\u00bb.<\/strong><\/p>\n<\/div>\n<\/article>\n<article id=\"article-post\">\n<div class=\"cuerpo\" data-twitter-link=\"https:\/\/twitter.com\/intent\/tweet?url=https:\/\/www.diariopopular.com.ar\/c852097&amp;via=poopulardiario&amp;related=Popular&amp;text=\">\n<p>\u00abEl tema de Paredes es d\u00eda a d\u00eda, es como lo vea yo. El otro d\u00eda lo hizo bien, hoy le dimos descanso, ma\u00f1ana intensificamos un poco m\u00e1s, buscando. Uno lo va viendo\u00bb, sostuvo el DT ayer en la conferencia de prensa tras el empate con Argentinos por la primera fecha del Torneo Clausura.<\/p>\n<p>Luego, Russo fue a fondo y<strong>\u00a0afirm\u00f3 que, si en las pr\u00f3ximas pr\u00e1cticas responde a las exigencias y lo ve bien, no tendr\u00e1<\/strong><strong>\u00a0\u00abninguna duda en ponerlo\u00bb<\/strong>. Y continu\u00f3: \u00abAparte \u00e9l tiene experiencia, \u00e9l sabe, mentalmente es muy apto, entiende este tipo de cosas\u00bb.<\/p>\n<p>El exRoma, que reci\u00e9n se incorpor\u00f3 la semana pasada y lleva muy poco tiempo de trabajo, fue exigido en el entrenamiento del s\u00e1bado y\u00a0<strong>su deseo es ser parte del duelo ante Uni\u00f3n\u00a0<\/strong>por la segunda fecha del Torneo Clausura; encuentro que se disputar\u00e1 este viernes 18 en La Bombonera.<\/p>\n<p>Aunque los tiempos l\u00f3gicos de la mini-pretemporada hablaban de al menos dos semanas de adaptaci\u00f3n, sobre todo considerando que viene de unas largas vacaciones,\u00a0<strong>las buenas sensaciones que tuvo Paredes en sus primeros d\u00edas en Boca Predio cambian el panorama<\/strong>. Y claro, el hecho de que el equipo evidentemente lo necesita tambi\u00e9n tiene su peso.<\/p>\n<p><strong>La posibilidad de que Paredes al menos concentre es concreta y lo definir\u00e1 Russo a la brevedad.<\/strong>\u00a0Si est\u00e1 en condiciones, al margen de su lema de no apurar los procesos y ser paciente, no postergar\u00e1 que el campe\u00f3n del mundo se vuelva a poner la camiseta de Boca.<\/p>\n<\/div>\n<\/article>\n","protected":false},"excerpt":{"rendered":"<p>Se acerca el reestreno de Leandro Paredes en Boca: podr\u00eda estar convocado para el pr\u00f3ximo partido ante Uni\u00f3n.\u00a0Tras el flojo<\/p>\n","protected":false},"author":1,"featured_media":25034,"comment_status":"closed","ping_status":"closed","sticky":false,"template":"","format":"standard","meta":{"footnotes":"","jetpack_publicize_message":"","jetpack_publicize_feature_enabled":true,"jetpack_social_post_already_shared":true,"jetpack_social_options":{"image_generator_settings":{"template":"highway","enabled":false},"version":2}},"categories":[9],"tags":[],"class_list":["post-25033","post","type-post","status-publish","format-standard","has-post-thumbnail","hentry","category-deportes"],"jetpack_publicize_connections":[],"_links":{"self":[{"href":"https:\/\/diariorepublica.com.ar\/web\/index.php\/wp-json\/wp\/v2\/posts\/25033"}],"collection":[{"href":"https:\/\/diariorepublica.com.ar\/web\/index.php\/wp-json\/wp\/v2\/posts"}],"about":[{"href":"https:\/\/diariorepublica.com.ar\/web\/index.php\/wp-json\/wp\/v2\/types\/post"}],"author":[{"embeddable":true,"href":"https:\/\/diariorepublica.com.ar\/web\/index.php\/wp-json\/wp\/v2\/users\/1"}],"replies":[{"embeddable":true,"href":"https:\/\/diariorepublica.com.ar\/web\/index.php\/wp-json\/wp\/v2\/comments?post=25033"}],"version-history":[{"count":1,"href":"https:\/\/diariorepublica.com.ar\/web\/index.php\/wp-json\/wp\/v2\/posts\/25033\/revisions"}],"predecessor-version":[{"id":25035,"href":"https:\/\/diariorepublica.com.ar\/web\/index.php\/wp-json\/wp\/v2\/posts\/25033\/revisions\/25035"}],"wp:featuredmedia":[{"embeddable":true,"href":"https:\/\/diariorepublica.com.ar\/web\/index.php\/wp-json\/wp\/v2\/media\/25034"}],"wp:attachment":[{"href":"https:\/\/diariorepublica.com.ar\/web\/index.php\/wp-json\/wp\/v2\/media?parent=25033"}],"wp:term":[{"taxonomy":"category","embeddable":true,"href":"https:\/\/diariorepublica.com.ar\/web\/index.php\/wp-json\/wp\/v2\/categories?post=25033"},{"taxonomy":"post_tag","embeddable":true,"href":"https:\/\/diariorepublica.com.ar\/web\/index.php\/wp-json\/wp\/v2\/tags?post=25033"}],"curies":[{"name":"wp","href":"https:\/\/api.w.org\/{rel}","templated":true}]}}