{"id":25066,"date":"2025-07-16T08:49:51","date_gmt":"2025-07-16T11:49:51","guid":{"rendered":"https:\/\/diariorepublica.com.ar\/web\/?p=25066"},"modified":"2025-07-16T08:49:53","modified_gmt":"2025-07-16T11:49:53","slug":"la-capital-modo-poncho-2025-hacia-una-fiesta-cada-vez-mas-sustentable","status":"publish","type":"post","link":"https:\/\/diariorepublica.com.ar\/web\/index.php\/locales\/2025\/07\/16\/la-capital-modo-poncho-2025-hacia-una-fiesta-cada-vez-mas-sustentable\/","title":{"rendered":"La Capital modo Poncho 2025: Hacia una fiesta cada vez m\u00e1s sustentable"},"content":{"rendered":"<p dir=\"ltr\">Prep\u00e1rate, que la Fiesta Nacional e Internacional del Poncho 2025 viene con todo, y la Municipalidad de la Capital presenta un mont\u00f3n de propuestas para disfrutarla con una mirada puesta en la sostenibilidad. Del\u00a018 al 27 de julio\u00a0en el Predio Ferial Catamarca, viviremos la fiesta m\u00e1s importante de los catamarque\u00f1os de una forma m\u00e1s amigable con el medio ambiente.<\/p>\n<p dir=\"ltr\">A trav\u00e9s de la Secretar\u00eda de Ambiente y Espacios P\u00fablicos y el programa\u00a0GIRO \u2013 Gesti\u00f3n Integral de Residuos desde el Origen, se impulsan acciones concretas para reducir el impacto ambiental y promover pr\u00e1cticas responsables. Como cada a\u00f1o, se realizar\u00e1 la\u00a0recolecci\u00f3n diferenciada de materiales reciclables\u00a0diariamente en horario previo a la apertura al p\u00fablico, utilizando veh\u00edculos destinados exclusivamente a residuos reciclables. Adem\u00e1s, se trabajar\u00e1 en conjunto con cooperativas de recuperadores urbanos, dando valor al material recolectado y permitiendo su reinserci\u00f3n en la econom\u00eda circular.<\/p>\n<p dir=\"ltr\">Tambi\u00e9n se dispondr\u00e1n contenedores gigantes en puntos estrat\u00e9gicos para mantener limpio el predio, y estaciones con cestos diferenciados por color en todos los pabellones para facilitar la separaci\u00f3n de residuos. Se recuperar\u00e1, una vez m\u00e1s, el\u00a0aceite vegetal usado\u00a0de ranchos y carros de comida para transformarlo en biocombustible. En la edici\u00f3n anterior se recolectaron m\u00e1s de 1.100 litros de aceite, y este a\u00f1o se busca superar esa cifra.<\/p>\n<p dir=\"ltr\">Adem\u00e1s, los\u00a0emprendedores sustentables\u00a0contar\u00e1n con espacios identificados en distintos pabellones para ofrecer productos \u00fanicos, elaborados con criterios de reutilizaci\u00f3n y reciclado. Para quienes deseen conocer m\u00e1s, los concientizadores ambientales estar\u00e1n disponibles para brindar informaci\u00f3n sobre las estrategias del programa GIRO. Asimismo, continuamos con las tareas de mantenimiento y cuidado de los espacios verdes en el predio, con el objetivo de garantizar un entorno limpio, agradable y en armon\u00eda con el ambiente durante toda la celebraci\u00f3n.<\/p>\n<h3 dir=\"ltr\">Agenda Poncho 2025:<\/h3>\n<p dir=\"ltr\">Desde la Capital, te mostramos algunas de las propuestas que podr\u00e1s encontrar en el Predio Ferial:<\/p>\n<p dir=\"ltr\">\u00a1Semana S\u00faper Verde!<\/p>\n<ul>\n<li dir=\"ltr\">\n<p dir=\"ltr\" role=\"presentation\">Martes 22 de julio (16 a 18 horas): En la carpa municipal. La Secretar\u00eda de Ambiente y Espacios P\u00fablicos ofrecer\u00e1 actividades, muestras y propuestas interactivas.<\/p>\n<\/li>\n<\/ul>\n<p dir=\"ltr\">Tramit\u00e1 tu licencia sin vueltas<\/p>\n<ul>\n<li dir=\"ltr\">\n<p dir=\"ltr\" role=\"presentation\">Desde el lunes 21 de julio (14 a 20 h): El Centro de Emisi\u00f3n de Licencias (CEL) estar\u00e1 en la carpa Espacio Capital 2025 para renovaciones \u00e1giles, sin l\u00edmite de edad.<\/p>\n<ul>\n<li dir=\"ltr\">\n<p dir=\"ltr\" role=\"presentation\">Categor\u00edas: auto, moto y profesionales (C1, C2, D1, D2, D3, E2).<\/p>\n<\/li>\n<li dir=\"ltr\">\n<p dir=\"ltr\" role=\"presentation\">Requisitos: Boleta del CENAT impresa y abonada, fotocopia de DNI y licencia y originales de ambos. Es indispensable tener el mismo domicilio en DNI y licencia. Para profesionales, se suma certificado de antecedentes provincial y nacional, y certificado de curso de identidad de g\u00e9nero.<\/p>\n<\/li>\n<\/ul>\n<\/li>\n<\/ul>\n<p dir=\"ltr\">M\u00fasica y danza 100% municipal<\/p>\n<ul>\n<li dir=\"ltr\">\n<p dir=\"ltr\" role=\"presentation\">Viernes 18 de julio: El Ballet Folcl\u00f3rico Municipal se presentar\u00e1 en el Escenario Mayor (horario a definir).<\/p>\n<\/li>\n<li dir=\"ltr\">\n<p dir=\"ltr\" role=\"presentation\">Viernes 25 de julio: Doble presentaci\u00f3n en el Escenario Mayor con el Coro de C\u00e1mara Municipal, y en el Patio de las Provincias con la Banda de M\u00fasica Municipal (horarios a definir).<\/p>\n<\/li>\n<\/ul>\n<p dir=\"ltr\">Un viaje por el mundo en el Paseo de los Inmigrantes<\/p>\n<ul>\n<li dir=\"ltr\">\n<p dir=\"ltr\" role=\"presentation\">Del 18 al 27 de julio (14 a 22 h): M\u00e1s de 13 colectividades te esperan en el Patio de las Provincias con comidas t\u00edpicas, shows en vivo y propuestas culturales diarias.<\/p>\n<\/li>\n<li dir=\"ltr\">\n<p dir=\"ltr\" role=\"presentation\">Participan: Alemania, Bolivia, Brasil, Colombia, Egipto, Espa\u00f1a, Italia, Jap\u00f3n, M\u00e9xico, Per\u00fa, Sirio Libanesa, Rep\u00fablica Dominicana y Venezuela.<\/p>\n<\/li>\n<\/ul>\n<p dir=\"ltr\">Espacio Capital 2025: Talento local a la vista<\/p>\n<ul>\n<li dir=\"ltr\">\n<p dir=\"ltr\" role=\"presentation\">Este espacio ser\u00e1 el punto de encuentro para 120 emprendedores locales con stands compartidos. Una oportunidad \u00fanica para conocer productos catamarque\u00f1os y apoyar la econom\u00eda de nuestra gente.<\/p>\n<\/li>\n<\/ul>\n<h3 dir=\"ltr\">Espacio cultural<\/h3>\n<p dir=\"ltr\">La Municipalidad de la Capital ofrece una variada agenda cultural en el \u00abEspacio Cultural\u00bb del Poncho 2025, que incluye desde talleres interactivos como el de arcilla y \u00abLa Risa\u00bb, hasta shows musicales con artistas como Bomba Contreras, Alico, Calibre y Caraduras. Tambi\u00e9n habr\u00e1 actividades din\u00e1micas como batallas de freestyle, juegos, un desfile, una muestra de robots y un espect\u00e1culo de circo, ofreciendo opciones para todas las edades y gustos a lo largo de la semana.<\/p>\n<ul>\n<li dir=\"ltr\">\n<p dir=\"ltr\" role=\"presentation\">S\u00e1bado 19 de julio:<\/p>\n<ul>\n<li dir=\"ltr\">\n<p dir=\"ltr\" role=\"presentation\">Taller de Arcilla (16 a 20 hs.): Un espacio para desatar tu creatividad y conectar con la tierra.<\/p>\n<\/li>\n<li dir=\"ltr\">\n<p dir=\"ltr\" role=\"presentation\">Bomba Contreras (20:00 hs.): Prep\u00e1rate para re\u00edr con la energ\u00eda de Bomba Contreras.<\/p>\n<\/li>\n<\/ul>\n<\/li>\n<li dir=\"ltr\">\n<p dir=\"ltr\" role=\"presentation\">Domingo 20 de julio:<\/p>\n<ul>\n<li dir=\"ltr\">\n<p dir=\"ltr\" role=\"presentation\">Baile, Juegos, Batalla Freestyle (15 a 20 hs.): La diversi\u00f3n est\u00e1 asegurada para todas las edades, s\u00e9 testigo del ingenio y la rima al instante con el talento de los raperos locales.<\/p>\n<\/li>\n<li dir=\"ltr\">\n<p dir=\"ltr\" role=\"presentation\">Alico (20:30 hs.): Dej\u00e1 que la m\u00fasica de Alico te envuelva.<\/p>\n<\/li>\n<\/ul>\n<\/li>\n<li dir=\"ltr\">\n<p dir=\"ltr\" role=\"presentation\">Lunes 21 de julio:<\/p>\n<ul>\n<li dir=\"ltr\">\n<p dir=\"ltr\" role=\"presentation\">Bomba Contreras (20:00 hs.)<\/p>\n<\/li>\n<\/ul>\n<\/li>\n<li dir=\"ltr\">\n<p dir=\"ltr\" role=\"presentation\">Martes 22 de julio:<\/p>\n<ul>\n<li dir=\"ltr\">\n<p dir=\"ltr\" role=\"presentation\">Juegos (16 a 18 hs.)<\/p>\n<\/li>\n<li dir=\"ltr\">\n<p dir=\"ltr\" role=\"presentation\">Ariel Mart\u00ednez (20:00 hs.): Sumate a la propuesta musical de Ariel Mart\u00ednez.<\/p>\n<\/li>\n<\/ul>\n<\/li>\n<li dir=\"ltr\">\n<p dir=\"ltr\" role=\"presentation\">Mi\u00e9rcoles 23 de julio:<\/p>\n<ul>\n<li dir=\"ltr\">\n<p dir=\"ltr\" role=\"presentation\">Comidas T\u00edpicas, Desfile (16 a 20 hs.): Una oportunidad para deleitarte con los sabores de nuestra tierra y disfrutar de un desfile que celebra la identidad catamarque\u00f1a.<\/p>\n<\/li>\n<li dir=\"ltr\">\n<p dir=\"ltr\" role=\"presentation\">Calibre (20:00 hs.): La banda Calibre llega al escenario para hacerte disfrutar con su propuesta musical.<\/p>\n<\/li>\n<li dir=\"ltr\">\n<p dir=\"ltr\" role=\"presentation\">Chicos Rock (21:00 hs.): La banda de m\u00fasica catamarque\u00f1a que se dedica al g\u00e9nero punk rock, aunque tambi\u00e9n incorpora elementos de otros estilos se suma a la propuesta de la Capital.<\/p>\n<\/li>\n<\/ul>\n<\/li>\n<li dir=\"ltr\">\n<p dir=\"ltr\" role=\"presentation\">Jueves 24 de julio:<\/p>\n<ul>\n<li dir=\"ltr\">\n<p dir=\"ltr\" role=\"presentation\">Muestra de Robots (16 a 19 hs.): Descubr\u00ed el futuro de la tecnolog\u00eda con una fascinante muestra de robots.<\/p>\n<\/li>\n<li dir=\"ltr\">\n<p dir=\"ltr\" role=\"presentation\">Bomba Contreras (20:00 hs.)<\/p>\n<\/li>\n<\/ul>\n<\/li>\n<li dir=\"ltr\">\n<p dir=\"ltr\" role=\"presentation\">Viernes 25 de julio:<\/p>\n<ul>\n<li dir=\"ltr\">\n<p dir=\"ltr\" role=\"presentation\">Taller de Arcilla<\/p>\n<\/li>\n<li dir=\"ltr\">\n<p dir=\"ltr\" role=\"presentation\">Circo (16 a 20 hs.)<\/p>\n<\/li>\n<\/ul>\n<\/li>\n<li dir=\"ltr\">\n<p dir=\"ltr\" role=\"presentation\">S\u00e1bado 26 de julio:<\/p>\n<ul>\n<li dir=\"ltr\">\n<p dir=\"ltr\" role=\"presentation\">Taller de la Risa (16 a 19 hs.): Un encuentro para liberar tensiones y compartir momentos de alegr\u00eda.<\/p>\n<\/li>\n<li dir=\"ltr\">\n<p dir=\"ltr\" role=\"presentation\">Caraduras (20:30 hs.): La banda Caraduras te invita a disfrutar de su show.<\/p>\n<\/li>\n<\/ul>\n<\/li>\n<\/ul>\n<p dir=\"ltr\">La Capital, una fiesta m\u00e1s inclusiva<\/p>\n<ul>\n<li dir=\"ltr\">\n<p dir=\"ltr\" role=\"presentation\">La Municipalidad de la Capital garantiza que la Fiesta del Poncho sea accesible para todas las personas, con adecuaciones y cuidado del espacio en el Escenario Mayor para el p\u00fablico con discapacidad.<\/p>\n<\/li>\n<\/ul>\n<p dir=\"ltr\">La Capital los espera para vivir una edici\u00f3n inolvidable de la Fiesta del Poncho 2025, cada vez m\u00e1s verde e inclusiva.<\/p>\n<p dir=\"ltr\">M\u00e1s informaci\u00f3n en nuestros sitios oficiales:<\/p>\n<ul>\n<li dir=\"ltr\">\n<p dir=\"ltr\" role=\"presentation\"><a href=\"https:\/\/www.google.com\/search?q=http:\/\/www.sfvc.tur.ar\" target=\"_blank\" rel=\"noopener\" data-saferedirecturl=\"https:\/\/www.google.com\/url?q=https:\/\/www.google.com\/search?q%3Dhttp:\/\/www.sfvc.tur.ar&amp;source=gmail&amp;ust=1752752321928000&amp;usg=AOvVaw0pWkyiedFhGVWm-EvZziNE\">www.sfvc.tur.ar<\/a><\/p>\n<\/li>\n<li dir=\"ltr\">\n<p dir=\"ltr\" role=\"presentation\"><a href=\"http:\/\/www.catamarcaciudad.gob.ar\/\" target=\"_blank\" rel=\"noopener\" data-saferedirecturl=\"https:\/\/www.google.com\/url?q=http:\/\/www.catamarcaciudad.gob.ar&amp;source=gmail&amp;ust=1752752321928000&amp;usg=AOvVaw3hUEUYIyaAu7_IPL6fts4C\">www.catamarcaciudad.gob.ar<\/a><\/p>\n<\/li>\n<\/ul>\n","protected":false},"excerpt":{"rendered":"<p>Prep\u00e1rate, que la Fiesta Nacional e Internacional del Poncho 2025 viene con todo, y la Municipalidad de la Capital presenta<\/p>\n","protected":false},"author":1,"featured_media":25067,"comment_status":"closed","ping_status":"closed","sticky":false,"template":"","format":"standard","meta":{"footnotes":"","jetpack_publicize_message":"","jetpack_publicize_feature_enabled":true,"jetpack_social_post_already_shared":true,"jetpack_social_options":{"image_generator_settings":{"template":"highway","enabled":false},"version":2}},"categories":[2],"tags":[],"class_list":["post-25066","post","type-post","status-publish","format-standard","has-post-thumbnail","hentry","category-locales"],"jetpack_publicize_connections":[],"_links":{"self":[{"href":"https:\/\/diariorepublica.com.ar\/web\/index.php\/wp-json\/wp\/v2\/posts\/25066"}],"collection":[{"href":"https:\/\/diariorepublica.com.ar\/web\/index.php\/wp-json\/wp\/v2\/posts"}],"about":[{"href":"https:\/\/diariorepublica.com.ar\/web\/index.php\/wp-json\/wp\/v2\/types\/post"}],"author":[{"embeddable":true,"href":"https:\/\/diariorepublica.com.ar\/web\/index.php\/wp-json\/wp\/v2\/users\/1"}],"replies":[{"embeddable":true,"href":"https:\/\/diariorepublica.com.ar\/web\/index.php\/wp-json\/wp\/v2\/comments?post=25066"}],"version-history":[{"count":1,"href":"https:\/\/diariorepublica.com.ar\/web\/index.php\/wp-json\/wp\/v2\/posts\/25066\/revisions"}],"predecessor-version":[{"id":25068,"href":"https:\/\/diariorepublica.com.ar\/web\/index.php\/wp-json\/wp\/v2\/posts\/25066\/revisions\/25068"}],"wp:featuredmedia":[{"embeddable":true,"href":"https:\/\/diariorepublica.com.ar\/web\/index.php\/wp-json\/wp\/v2\/media\/25067"}],"wp:attachment":[{"href":"https:\/\/diariorepublica.com.ar\/web\/index.php\/wp-json\/wp\/v2\/media?parent=25066"}],"wp:term":[{"taxonomy":"category","embeddable":true,"href":"https:\/\/diariorepublica.com.ar\/web\/index.php\/wp-json\/wp\/v2\/categories?post=25066"},{"taxonomy":"post_tag","embeddable":true,"href":"https:\/\/diariorepublica.com.ar\/web\/index.php\/wp-json\/wp\/v2\/tags?post=25066"}],"curies":[{"name":"wp","href":"https:\/\/api.w.org\/{rel}","templated":true}]}}