{"id":25069,"date":"2025-07-16T05:51:00","date_gmt":"2025-07-16T08:51:00","guid":{"rendered":"https:\/\/diariorepublica.com.ar\/web\/?p=25069"},"modified":"2025-07-16T08:53:22","modified_gmt":"2025-07-16T11:53:22","slug":"vialidad-cristina-kirchner-y-el-resto-de-los-acusados-deben-depositar-mas-de-684-000-millones-antes-de-fin-de-mes","status":"publish","type":"post","link":"https:\/\/diariorepublica.com.ar\/web\/index.php\/nacionales\/2025\/07\/16\/vialidad-cristina-kirchner-y-el-resto-de-los-acusados-deben-depositar-mas-de-684-000-millones-antes-de-fin-de-mes\/","title":{"rendered":"Vialidad: Cristina Kirchner y el resto de los acusados deben depositar m\u00e1s de $684.000 millones antes de fin de mes"},"content":{"rendered":"<article class=\"article-body article-body--first-paragraph content-protected-false\" data-td-script-src=\"https:\/\/www.ambito.com\/td\/modulos\/encuestas\/js\/function-embeds-min-version-1747541270.js\">El\u00a0<strong>Tribunal Oral Federal N.\u00ba 2<\/strong>\u00a0orden\u00f3 este martes la\u00a0<strong>ejecuci\u00f3n del decomiso econ\u00f3mico en la causa\u00a0Vialidad<\/strong>, en la que fue condenada Cristina de Kirchner. En total, l<strong>\u00a0os nueve condenados deber\u00e1n pagar a fines de julio casi $685.000 millones.<\/strong>\u00a0De no hacerlo, podr\u00edan ser ejecutados los bienes a nombre de los afectados.<\/p>\n<\/article>\n<article class=\"article-body article-body--second-paragraph content-protected-false\">Adem\u00e1s de\u00a0<strong>Cristina de Kirchner<\/strong>, fueron intimados<strong>\u00a0L\u00e1zaro B\u00e1ez, Jos\u00e9 L\u00f3pez, Nelson Periotti, Mauricio Collareda, Ra\u00fal Daruich, Ra\u00fal Pavesi, jos\u00e9 Ra\u00fal Santib\u00e1\u00f1ez y Juan Carlos Villafa\u00f1e,<\/strong>\u00a0todos condenados en la causa Vialidad. El dinero deber\u00e1 ser depositado en una cuenta judicial abierta en el Banco Naci\u00f3n a nombre del tribunal. El monto reclamado es\u00a0<strong>$684.990.350.139,86.<\/strong><\/p>\n<p>No queda claro cu\u00e1nto deber\u00eda pagar cada persona. El tribunal no determina c\u00f3mo se reparte el monto del decomiso, solo menciona la suma total que debe ser pagada y las medidas generales para asegurar el cumplimiento de la sentencia. Entre ellos, el decomiso en caso de no abonar en el tiempo determinado.<\/p>\n<p><strong>Vale recordar que las personas afectadas ya tienen bienes embargados por la justicia.\u00a0<\/strong>El tribunal inst\u00f3 al Ministerio P\u00fablico Fiscal de que realice las investigaciones necesarias para identificar y localizar bienes para garantizar el cobro. Para acelerar este la investigaci\u00f3n se le recuerda que ya tiene las facultades para hacerlo.<\/p>\n<p>ambito.com<\/p>\n<\/article>\n","protected":false},"excerpt":{"rendered":"<p>El\u00a0Tribunal Oral Federal N.\u00ba 2\u00a0orden\u00f3 este martes la\u00a0ejecuci\u00f3n del decomiso econ\u00f3mico en la causa\u00a0Vialidad, en la que fue condenada Cristina<\/p>\n","protected":false},"author":1,"featured_media":25070,"comment_status":"closed","ping_status":"closed","sticky":false,"template":"","format":"standard","meta":{"footnotes":"","jetpack_publicize_message":"","jetpack_publicize_feature_enabled":true,"jetpack_social_post_already_shared":true,"jetpack_social_options":{"image_generator_settings":{"template":"highway","enabled":false},"version":2}},"categories":[4],"tags":[],"class_list":["post-25069","post","type-post","status-publish","format-standard","has-post-thumbnail","hentry","category-nacionales"],"jetpack_publicize_connections":[],"_links":{"self":[{"href":"https:\/\/diariorepublica.com.ar\/web\/index.php\/wp-json\/wp\/v2\/posts\/25069"}],"collection":[{"href":"https:\/\/diariorepublica.com.ar\/web\/index.php\/wp-json\/wp\/v2\/posts"}],"about":[{"href":"https:\/\/diariorepublica.com.ar\/web\/index.php\/wp-json\/wp\/v2\/types\/post"}],"author":[{"embeddable":true,"href":"https:\/\/diariorepublica.com.ar\/web\/index.php\/wp-json\/wp\/v2\/users\/1"}],"replies":[{"embeddable":true,"href":"https:\/\/diariorepublica.com.ar\/web\/index.php\/wp-json\/wp\/v2\/comments?post=25069"}],"version-history":[{"count":1,"href":"https:\/\/diariorepublica.com.ar\/web\/index.php\/wp-json\/wp\/v2\/posts\/25069\/revisions"}],"predecessor-version":[{"id":25071,"href":"https:\/\/diariorepublica.com.ar\/web\/index.php\/wp-json\/wp\/v2\/posts\/25069\/revisions\/25071"}],"wp:featuredmedia":[{"embeddable":true,"href":"https:\/\/diariorepublica.com.ar\/web\/index.php\/wp-json\/wp\/v2\/media\/25070"}],"wp:attachment":[{"href":"https:\/\/diariorepublica.com.ar\/web\/index.php\/wp-json\/wp\/v2\/media?parent=25069"}],"wp:term":[{"taxonomy":"category","embeddable":true,"href":"https:\/\/diariorepublica.com.ar\/web\/index.php\/wp-json\/wp\/v2\/categories?post=25069"},{"taxonomy":"post_tag","embeddable":true,"href":"https:\/\/diariorepublica.com.ar\/web\/index.php\/wp-json\/wp\/v2\/tags?post=25069"}],"curies":[{"name":"wp","href":"https:\/\/api.w.org\/{rel}","templated":true}]}}