{"id":25072,"date":"2025-07-16T07:54:00","date_gmt":"2025-07-16T10:54:00","guid":{"rendered":"https:\/\/diariorepublica.com.ar\/web\/?p=25072"},"modified":"2025-07-16T08:56:08","modified_gmt":"2025-07-16T11:56:08","slug":"nazarena-romero-deslumbro-a-todos-y-avanzo-en-la-voz-argentina","status":"publish","type":"post","link":"https:\/\/diariorepublica.com.ar\/web\/index.php\/espectaculos\/2025\/07\/16\/nazarena-romero-deslumbro-a-todos-y-avanzo-en-la-voz-argentina\/","title":{"rendered":"Nazarena Romero deslumbr\u00f3 a todos y avanz\u00f3 en La Voz Argentina"},"content":{"rendered":"<article class=\"nota\">Con una presentaci\u00f3n cargada de sentimiento, simpat\u00eda y una potente interpretaci\u00f3n, la joven catamarque\u00f1a Nazarena Romero se luci\u00f3 este martes en una nueva emisi\u00f3n de La Voz Argentina y consigui\u00f3 que tres de los cuatro jurados dieran vuelta sus sillas: Luck Ra, Miranda y Soledad Pastorutti.<\/p>\n<p>Se observ\u00f3 que la participaci\u00f3n de la artista local en La Voz Argentina fue acompa\u00f1ada por fuertes muestras de admiraci\u00f3n de parte del jurado. Nazarena interpret\u00f3 la canci\u00f3n \u00abBuenos Aires\u00bb, de Tini Stoessel.<\/p>\n<div class=\"raw-html-embed\"><iframe id=\"instagram-embed-0\" class=\"instagram-media instagram-media-rendered\" src=\"https:\/\/www.instagram.com\/p\/DMJuLi2A2eC\/embed\/captioned\/?cr=1&amp;v=14&amp;wp=675&amp;rd=https%3A%2F%2Fwww.launion.digital&amp;rp=%2Fsociedad%2Fla-catamarquena-nazarena-romero-deslumbro-todos-avanzo-voz-argentina-n216131#%7B%22ci%22%3A0%2C%22os%22%3A584.1999999880791%2C%22ls%22%3A211.69999998807907%2C%22le%22%3A578.1999999880791%7D\" height=\"987\" frameborder=\"0\" scrolling=\"no\" allowfullscreen=\"allowfullscreen\" data-instgrm-payload-id=\"instagram-media-payload-0\" data-mce-fragment=\"1\"><\/iframe><\/div>\n<p>Finalmente, Nazarena se inclin\u00f3 por el equipo de Soledad Pastorutti. De este modo, la joven cantante logr\u00f3 pasar a la siguiente etapa del popular certamen que se emite por Telef\u00e9.<\/p>\n<p>La artista se suma as\u00ed a la destacada presencia de talentos catamarque\u00f1os en el certamen, que este a\u00f1o vuelve a liderar el rating en la televisi\u00f3n abierta.<\/p>\n<div class=\"raw-html-embed\"><iframe id=\"instagram-embed-1\" class=\"instagram-media instagram-media-rendered\" src=\"https:\/\/www.instagram.com\/reel\/DMJnA3JAb3c\/embed\/captioned\/?cr=1&amp;v=14&amp;wp=675&amp;rd=https%3A%2F%2Fwww.launion.digital&amp;rp=%2Fsociedad%2Fla-catamarquena-nazarena-romero-deslumbro-todos-avanzo-voz-argentina-n216131#%7B%22ci%22%3A1%2C%22os%22%3A586.1000000238419%2C%22ls%22%3A211.69999998807907%2C%22le%22%3A578.1999999880791%7D\" height=\"1059\" frameborder=\"0\" scrolling=\"no\" allowfullscreen=\"allowfullscreen\" data-instgrm-payload-id=\"instagram-media-payload-1\" data-mce-fragment=\"1\"><\/iframe><\/div>\n<p>Cabe destacar que otro representante de nuestra provincia, Agust\u00edn Isasmendi (oriundo de Tucum\u00e1n, pero radicado en Catamarca), ya tuvo su debut en el programa. El joven se present\u00f3 el pasado domingo en las audiciones a ciegas y logr\u00f3 quedar en el equipo liderado por Soledad Pastorutti.<\/p>\n<\/article>\n<div class=\"tags\">\n<p>launiondigital<\/p>\n<\/div>\n","protected":false},"excerpt":{"rendered":"<p>Con una presentaci\u00f3n cargada de sentimiento, simpat\u00eda y una potente interpretaci\u00f3n, la joven catamarque\u00f1a Nazarena Romero se luci\u00f3 este martes<\/p>\n","protected":false},"author":1,"featured_media":25073,"comment_status":"closed","ping_status":"closed","sticky":false,"template":"","format":"standard","meta":{"footnotes":"","jetpack_publicize_message":"","jetpack_publicize_feature_enabled":true,"jetpack_social_post_already_shared":true,"jetpack_social_options":{"image_generator_settings":{"template":"highway","enabled":false},"version":2}},"categories":[7],"tags":[],"class_list":["post-25072","post","type-post","status-publish","format-standard","has-post-thumbnail","hentry","category-espectaculos"],"jetpack_publicize_connections":[],"_links":{"self":[{"href":"https:\/\/diariorepublica.com.ar\/web\/index.php\/wp-json\/wp\/v2\/posts\/25072"}],"collection":[{"href":"https:\/\/diariorepublica.com.ar\/web\/index.php\/wp-json\/wp\/v2\/posts"}],"about":[{"href":"https:\/\/diariorepublica.com.ar\/web\/index.php\/wp-json\/wp\/v2\/types\/post"}],"author":[{"embeddable":true,"href":"https:\/\/diariorepublica.com.ar\/web\/index.php\/wp-json\/wp\/v2\/users\/1"}],"replies":[{"embeddable":true,"href":"https:\/\/diariorepublica.com.ar\/web\/index.php\/wp-json\/wp\/v2\/comments?post=25072"}],"version-history":[{"count":1,"href":"https:\/\/diariorepublica.com.ar\/web\/index.php\/wp-json\/wp\/v2\/posts\/25072\/revisions"}],"predecessor-version":[{"id":25074,"href":"https:\/\/diariorepublica.com.ar\/web\/index.php\/wp-json\/wp\/v2\/posts\/25072\/revisions\/25074"}],"wp:featuredmedia":[{"embeddable":true,"href":"https:\/\/diariorepublica.com.ar\/web\/index.php\/wp-json\/wp\/v2\/media\/25073"}],"wp:attachment":[{"href":"https:\/\/diariorepublica.com.ar\/web\/index.php\/wp-json\/wp\/v2\/media?parent=25072"}],"wp:term":[{"taxonomy":"category","embeddable":true,"href":"https:\/\/diariorepublica.com.ar\/web\/index.php\/wp-json\/wp\/v2\/categories?post=25072"},{"taxonomy":"post_tag","embeddable":true,"href":"https:\/\/diariorepublica.com.ar\/web\/index.php\/wp-json\/wp\/v2\/tags?post=25072"}],"curies":[{"name":"wp","href":"https:\/\/api.w.org\/{rel}","templated":true}]}}