{"id":25075,"date":"2025-07-16T08:58:19","date_gmt":"2025-07-16T11:58:19","guid":{"rendered":"https:\/\/diariorepublica.com.ar\/web\/?p=25075"},"modified":"2025-07-16T08:58:21","modified_gmt":"2025-07-16T11:58:21","slug":"contrato-record-para-maravilla-martinez-la-millonaria-clausula-que-le-puso-racing-para-alejar-a-river","status":"publish","type":"post","link":"https:\/\/diariorepublica.com.ar\/web\/index.php\/deportes\/2025\/07\/16\/contrato-record-para-maravilla-martinez-la-millonaria-clausula-que-le-puso-racing-para-alejar-a-river\/","title":{"rendered":"Contrato r\u00e9cord para Maravilla Mart\u00ednez: la millonaria cl\u00e1usula que le puso Racing para alejar a River"},"content":{"rendered":"<p>Racing Club actu\u00f3 con rapidez y contundencia para blindar a su goleador,\u00a0<strong>Adri\u00e1n &#8216;Maravilla&#8217; Mart\u00ednez<\/strong>. La dirigencia acord\u00f3 la renovaci\u00f3n del contrato del delantero con una\u00a0<strong>cl\u00e1usula de rescisi\u00f3n r\u00e9cord de 122 millones de d\u00f3lares<\/strong>\u00a0para cortar de ra\u00edz el inter\u00e9s de River Plate.<\/p>\n<p>Seg\u00fan supo Noticias Argentinas, la alarma en Avellaneda se encendi\u00f3 luego de que el entrenador de River,\u00a0<strong>Marcelo Gallardo, llamara personalmente a Mart\u00ednez<\/strong>\u00a0para expresarle su deseo de sumarlo al plantel \u00abMillonario\u00bb. El inter\u00e9s del \u00abMu\u00f1eco\u00bb se dio d\u00edas despu\u00e9s de que River ejecutara la cl\u00e1usula de salida de otro delantero de Racing, Maximiliano Salas.<\/p>\n<p>Para evitar otro golpe en el mercado de pases, la dirigencia de la \u00abAcademia\u00bb le ofreci\u00f3 a \u00abMaravilla\u00bb un nuevo v\u00ednculo hasta\u00a0<strong>diciembre de 2028<\/strong>, le\u00a0<strong>duplic\u00f3 el sueldo<\/strong>\u00a0y lo convirti\u00f3 en el\u00a0<strong>jugador mejor pago del f\u00fatbol argentino<\/strong>. La nueva cl\u00e1usula de salida es ahora la m\u00e1s elevada del pa\u00eds.<\/p>\n<p>De esta manera, Racing se asegura la continuidad de su m\u00e1xima figura, un delantero que desde su llegada en enero de 2024 marc\u00f3\u00a0<strong>46 goles en 71 partidos<\/strong>\u00a0y se transform\u00f3 en pieza fundamental del equipo de Gustavo Costas.<\/p>\n<p>NA<\/p>\n","protected":false},"excerpt":{"rendered":"<p>Racing Club actu\u00f3 con rapidez y contundencia para blindar a su goleador,\u00a0Adri\u00e1n &#8216;Maravilla&#8217; Mart\u00ednez. La dirigencia acord\u00f3 la renovaci\u00f3n del<\/p>\n","protected":false},"author":1,"featured_media":25076,"comment_status":"closed","ping_status":"closed","sticky":false,"template":"","format":"standard","meta":{"footnotes":"","jetpack_publicize_message":"","jetpack_publicize_feature_enabled":true,"jetpack_social_post_already_shared":true,"jetpack_social_options":{"image_generator_settings":{"template":"highway","enabled":false},"version":2}},"categories":[9],"tags":[],"class_list":["post-25075","post","type-post","status-publish","format-standard","has-post-thumbnail","hentry","category-deportes"],"jetpack_publicize_connections":[],"_links":{"self":[{"href":"https:\/\/diariorepublica.com.ar\/web\/index.php\/wp-json\/wp\/v2\/posts\/25075"}],"collection":[{"href":"https:\/\/diariorepublica.com.ar\/web\/index.php\/wp-json\/wp\/v2\/posts"}],"about":[{"href":"https:\/\/diariorepublica.com.ar\/web\/index.php\/wp-json\/wp\/v2\/types\/post"}],"author":[{"embeddable":true,"href":"https:\/\/diariorepublica.com.ar\/web\/index.php\/wp-json\/wp\/v2\/users\/1"}],"replies":[{"embeddable":true,"href":"https:\/\/diariorepublica.com.ar\/web\/index.php\/wp-json\/wp\/v2\/comments?post=25075"}],"version-history":[{"count":1,"href":"https:\/\/diariorepublica.com.ar\/web\/index.php\/wp-json\/wp\/v2\/posts\/25075\/revisions"}],"predecessor-version":[{"id":25077,"href":"https:\/\/diariorepublica.com.ar\/web\/index.php\/wp-json\/wp\/v2\/posts\/25075\/revisions\/25077"}],"wp:featuredmedia":[{"embeddable":true,"href":"https:\/\/diariorepublica.com.ar\/web\/index.php\/wp-json\/wp\/v2\/media\/25076"}],"wp:attachment":[{"href":"https:\/\/diariorepublica.com.ar\/web\/index.php\/wp-json\/wp\/v2\/media?parent=25075"}],"wp:term":[{"taxonomy":"category","embeddable":true,"href":"https:\/\/diariorepublica.com.ar\/web\/index.php\/wp-json\/wp\/v2\/categories?post=25075"},{"taxonomy":"post_tag","embeddable":true,"href":"https:\/\/diariorepublica.com.ar\/web\/index.php\/wp-json\/wp\/v2\/tags?post=25075"}],"curies":[{"name":"wp","href":"https:\/\/api.w.org\/{rel}","templated":true}]}}