{"id":25111,"date":"2025-07-17T11:31:00","date_gmt":"2025-07-17T14:31:00","guid":{"rendered":"https:\/\/diariorepublica.com.ar\/web\/?p=25111"},"modified":"2025-07-17T08:32:35","modified_gmt":"2025-07-17T11:32:35","slug":"al-poncho-vamos-en-bici-veni-en-la-tuya-o-te-prestamos-una-bicicleta-convencional-o-electrica","status":"publish","type":"post","link":"https:\/\/diariorepublica.com.ar\/web\/index.php\/locales\/2025\/07\/17\/al-poncho-vamos-en-bici-veni-en-la-tuya-o-te-prestamos-una-bicicleta-convencional-o-electrica\/","title":{"rendered":"Al Poncho Vamos en Bici : Ven\u00ed en la tuya o te prestamos una bicicleta convencional o el\u00e9ctrica"},"content":{"rendered":"<p dir=\"ltr\">Prep\u00e1rate para pedalear hacia la fiesta m\u00e1s grande de Catamarca. La Municipalidad de la Capital, a trav\u00e9s de la Direcci\u00f3n de Movilidad Sustentable, te trae una propuesta sustentable para la Fiesta Nacional e Internacional del Poncho 2025: una Estaci\u00f3n de Bicicletas gratuita en el Predio Ferial. All\u00ed, vecinos, vecinas y turistas podr\u00e1n llegar de la forma m\u00e1s c\u00f3moda, \u00e1gil y de paso, colaboramos con el ambiente.<\/p>\n<p dir=\"ltr\">Esta estaci\u00f3n no solo tendr\u00e1 bicis disponibles para pr\u00e9stamo gratuito, sino tambi\u00e9n ser\u00e1 un espacio seguro para que dejes a tu propia compa\u00f1era de dos ruedas. La invitaci\u00f3n es para toda la comunidad a sumarse a esta iniciativa y vivir la festividad m\u00e1s grande de los catamarque\u00f1os de una manera diferente y saludable.<\/p>\n<h2 dir=\"ltr\"><\/h2>\n<p dir=\"ltr\">D\u00edas y Horarios:<\/p>\n<p dir=\"ltr\">Lunes a Viernes: de 7:00 a 22:30 hs (horario habitual)<\/p>\n<p dir=\"ltr\">S\u00e1bados y Domingos: de 14:00 a 22:00 hs (horario excepcional para disfrutar a pleno la Fiesta del Poncho)<\/p>\n<p dir=\"ltr\">Con la incorporaci\u00f3n de esta nueva estaci\u00f3n en el Predio Ferial, la Capital suma un total de 19 estaciones de bicicletas distribuidas en la ciudad. Esto significa que cada vez m\u00e1s personas tendr\u00e1n la oportunidad de moverse de forma c\u00f3moda, \u00e1gil y, sobre todo, sustentable.<\/p>\n<h2 dir=\"ltr\"><\/h2>\n<p dir=\"ltr\">\u00bfC\u00f3mo funcionar\u00e1?<\/p>\n<p dir=\"ltr\">Si quer\u00e9s llegar al Poncho 2025 en bicicleta, a trav\u00e9s del programa de Movilidad Sustentable, podes hacerlo de la siguiente manera:<\/p>\n<p dir=\"ltr\">*En caso de que requieras una bicicleta del programa debes registrarte en la App de Vamos en Bici y luego acercarte a cualquiera de las 18 terminales que est\u00e1n distribuidas por la ciudad, buscar tu bicicleta, tenemos disponibles, convencionales y el\u00e9ctricas. Luego, te esperamos en la Nueva estaci\u00f3n que funcionar\u00e1 en el ingreso del Predio Ferial, o cualquiera de las 18 distribuidas por la Capital.<\/p>\n<p dir=\"ltr\">*En caso de que quieras acudir en tu bicicleta, solo tenes que acercarte con tu \u201ccompa\u00f1era\u201d de camino y d\u00e9jala en la Estaci\u00f3n de Vamos en Bici que funciona en el Predio Ferial, que nosotros te la cuidamos para que disfrutes de una jornada maravillosa. Atento a los horarios.<\/p>\n<p dir=\"ltr\">Los esperamos para disfrutar de una movilidad verde durante esta gran fiesta del Poncho 2025.<\/p>\n","protected":false},"excerpt":{"rendered":"<p>Prep\u00e1rate para pedalear hacia la fiesta m\u00e1s grande de Catamarca. La Municipalidad de la Capital, a trav\u00e9s de la Direcci\u00f3n<\/p>\n","protected":false},"author":1,"featured_media":25112,"comment_status":"closed","ping_status":"closed","sticky":false,"template":"","format":"standard","meta":{"footnotes":"","jetpack_publicize_message":"","jetpack_publicize_feature_enabled":true,"jetpack_social_post_already_shared":true,"jetpack_social_options":{"image_generator_settings":{"template":"highway","enabled":false},"version":2}},"categories":[2],"tags":[],"class_list":["post-25111","post","type-post","status-publish","format-standard","has-post-thumbnail","hentry","category-locales"],"jetpack_publicize_connections":[],"_links":{"self":[{"href":"https:\/\/diariorepublica.com.ar\/web\/index.php\/wp-json\/wp\/v2\/posts\/25111"}],"collection":[{"href":"https:\/\/diariorepublica.com.ar\/web\/index.php\/wp-json\/wp\/v2\/posts"}],"about":[{"href":"https:\/\/diariorepublica.com.ar\/web\/index.php\/wp-json\/wp\/v2\/types\/post"}],"author":[{"embeddable":true,"href":"https:\/\/diariorepublica.com.ar\/web\/index.php\/wp-json\/wp\/v2\/users\/1"}],"replies":[{"embeddable":true,"href":"https:\/\/diariorepublica.com.ar\/web\/index.php\/wp-json\/wp\/v2\/comments?post=25111"}],"version-history":[{"count":1,"href":"https:\/\/diariorepublica.com.ar\/web\/index.php\/wp-json\/wp\/v2\/posts\/25111\/revisions"}],"predecessor-version":[{"id":25113,"href":"https:\/\/diariorepublica.com.ar\/web\/index.php\/wp-json\/wp\/v2\/posts\/25111\/revisions\/25113"}],"wp:featuredmedia":[{"embeddable":true,"href":"https:\/\/diariorepublica.com.ar\/web\/index.php\/wp-json\/wp\/v2\/media\/25112"}],"wp:attachment":[{"href":"https:\/\/diariorepublica.com.ar\/web\/index.php\/wp-json\/wp\/v2\/media?parent=25111"}],"wp:term":[{"taxonomy":"category","embeddable":true,"href":"https:\/\/diariorepublica.com.ar\/web\/index.php\/wp-json\/wp\/v2\/categories?post=25111"},{"taxonomy":"post_tag","embeddable":true,"href":"https:\/\/diariorepublica.com.ar\/web\/index.php\/wp-json\/wp\/v2\/tags?post=25111"}],"curies":[{"name":"wp","href":"https:\/\/api.w.org\/{rel}","templated":true}]}}