{"id":25114,"date":"2025-07-17T18:49:00","date_gmt":"2025-07-17T21:49:00","guid":{"rendered":"https:\/\/diariorepublica.com.ar\/web\/?p=25114"},"modified":"2025-07-17T10:51:14","modified_gmt":"2025-07-17T13:51:14","slug":"la-tradicion-vuelve-a-brillar-este-viernes-comienza-la-54-fiesta-del-poncho","status":"publish","type":"post","link":"https:\/\/diariorepublica.com.ar\/web\/index.php\/sociedad\/2025\/07\/17\/la-tradicion-vuelve-a-brillar-este-viernes-comienza-la-54-fiesta-del-poncho\/","title":{"rendered":"La tradici\u00f3n vuelve a brillar: este viernes comienza la 54\u00b0 Fiesta del Poncho"},"content":{"rendered":"<p>El acto oficial de apertura de la 54\u00b0 edici\u00f3n de la Fiesta Nacional e Internacional del Poncho, la m\u00e1s esperada por los catamarque\u00f1os y los turistas que eligen Catamarca para disfrutar de sus vacaciones de invierno, este a\u00f1o se realizar\u00e1 el viernes 18 de julio, a las 11 hs, en el Escenario \u00a0Mayor en el Predio Ferial Catamarca.<\/p>\n<p>La ceremonia contar\u00e1 con la presencia de la vicepresidente de la Naci\u00f3n, Victoria Villarruel; el gobernador de Catamarca, Ra\u00fal Jalil; la ministra de Cultura, Turismo y Deporte, Daiana Rold\u00e1n, y autoridades provinciales, quienes al finalizar el acto, realizar\u00e1n una recorrida por los pabellones de la muestra artesanal.<\/p>\n<p>La inauguraci\u00f3n ser\u00e1 con entrada libre y gratuita, y tendr\u00e1 en escena a m\u00e1s de 50 bailarines y una banda \u00a0de m\u00fasicos catamarque\u00f1os especialmente formada para \u00a0presentar el cuadro art\u00edstico \u201cRa\u00edz sagrada\u201d, que dar\u00e1 inicio a la celebraci\u00f3n m\u00e1s tradicional de Catamarca.<\/p>\n<p>El operativo de seguridad de la Polic\u00eda provincial prev\u00e9 para la ma\u00f1ana del viernes cortes para el tr\u00e1nsito vehicular particular en la rotonda de avenida Fiesta del Poncho y Av. Autonom\u00eda de Catamarca y en la rotonda de Av. Autonom\u00eda y Padre Santiago Sonzini.<\/p>\n<p>Apertura de los sectores \u00a0de exposici\u00f3n<\/p>\n<p>El mismo viernes ya abrir\u00e1n sus puertas desde las 14 horas todos los sectores de exposici\u00f3n que ofrece la Fiesta -los pabellones de artesan\u00edas, dise\u00f1o, turismo, productos regionales y dem\u00e1s espacios- y \u00a0comenzar\u00e1 a funcionar el Mercado Cultural, el nuevo espacio que ofrece esta edici\u00f3n del Poncho, que congrega en un solo lugar artesan\u00edas, m\u00fasica en vivo, foodtrucks y el patio cervecero.<\/p>\n<p>Desde las 13 hs abren todos los sectores gastron\u00f3micos, y a partir de las 14, hs los de exposici\u00f3n con entrada libre y gratuita.<\/p>\n<p>Programaci\u00f3n<\/p>\n<p>Viernes 18 de julio<\/p>\n<p>Escenario Mayor<\/p>\n<p>Las Milonguitas<\/p>\n<p>Compa\u00f1\u00eda Mala Junta<\/p>\n<p>Deby Gianoglio<\/p>\n<p>Catamarca Danzas<\/p>\n<p>Tony Serrano<\/p>\n<p>Nicol\u00e1s Reyna<\/p>\n<p>Compa\u00f1\u00eda de Danzas Meraki<\/p>\n<p>Germ\u00e1n Cano<\/p>\n<p>Ballet Folcl\u00f3rico Estable Municipal de SFVC<\/p>\n<p>Carafea<\/p>\n<p>Abel Pintos<\/p>\n<p>Mercado Cultural<\/p>\n<p>Chacarerosfolk<\/p>\n<p>Ballet Aires de mi Tierra<\/p>\n<p>D\u00fao Nati Torres- Agust\u00edn Colom<\/p>\n<p>D\u00fao Esencia<\/p>\n<p>Yaz Vega<\/p>\n<p>Pabell\u00f3n de Artesan\u00edas<\/p>\n<p>16 a 19 hs &#8211; Marroquiner\u00eda. Maestro artesano Sosa Salin Omar.<\/p>\n<p>Pabell\u00f3n Peregrina Z\u00e1rate<\/p>\n<p>Venta de entradas: La venta de entradas para las noches de Escenario Mayor se puede adquirirlas de forma virtual a trav\u00e9s de ticketweb.com.ar y de forma presencial en el Cine Teatro Catamarca (San Mart\u00edn 555) y en las boleter\u00edas del Estadio Bicentenario, de lunes a viernes de 9 a 13 y de 17 a 21 hs y los s\u00e1bados de 9 a 13 hs.<\/p>\n","protected":false},"excerpt":{"rendered":"<p>El acto oficial de apertura de la 54\u00b0 edici\u00f3n de la Fiesta Nacional e Internacional del Poncho, la m\u00e1s esperada<\/p>\n","protected":false},"author":1,"featured_media":25115,"comment_status":"closed","ping_status":"closed","sticky":false,"template":"","format":"standard","meta":{"footnotes":"","jetpack_publicize_message":"","jetpack_publicize_feature_enabled":true,"jetpack_social_post_already_shared":true,"jetpack_social_options":{"image_generator_settings":{"template":"highway","enabled":false},"version":2}},"categories":[3],"tags":[],"class_list":["post-25114","post","type-post","status-publish","format-standard","has-post-thumbnail","hentry","category-sociedad"],"jetpack_publicize_connections":[],"_links":{"self":[{"href":"https:\/\/diariorepublica.com.ar\/web\/index.php\/wp-json\/wp\/v2\/posts\/25114"}],"collection":[{"href":"https:\/\/diariorepublica.com.ar\/web\/index.php\/wp-json\/wp\/v2\/posts"}],"about":[{"href":"https:\/\/diariorepublica.com.ar\/web\/index.php\/wp-json\/wp\/v2\/types\/post"}],"author":[{"embeddable":true,"href":"https:\/\/diariorepublica.com.ar\/web\/index.php\/wp-json\/wp\/v2\/users\/1"}],"replies":[{"embeddable":true,"href":"https:\/\/diariorepublica.com.ar\/web\/index.php\/wp-json\/wp\/v2\/comments?post=25114"}],"version-history":[{"count":1,"href":"https:\/\/diariorepublica.com.ar\/web\/index.php\/wp-json\/wp\/v2\/posts\/25114\/revisions"}],"predecessor-version":[{"id":25116,"href":"https:\/\/diariorepublica.com.ar\/web\/index.php\/wp-json\/wp\/v2\/posts\/25114\/revisions\/25116"}],"wp:featuredmedia":[{"embeddable":true,"href":"https:\/\/diariorepublica.com.ar\/web\/index.php\/wp-json\/wp\/v2\/media\/25115"}],"wp:attachment":[{"href":"https:\/\/diariorepublica.com.ar\/web\/index.php\/wp-json\/wp\/v2\/media?parent=25114"}],"wp:term":[{"taxonomy":"category","embeddable":true,"href":"https:\/\/diariorepublica.com.ar\/web\/index.php\/wp-json\/wp\/v2\/categories?post=25114"},{"taxonomy":"post_tag","embeddable":true,"href":"https:\/\/diariorepublica.com.ar\/web\/index.php\/wp-json\/wp\/v2\/tags?post=25114"}],"curies":[{"name":"wp","href":"https:\/\/api.w.org\/{rel}","templated":true}]}}