{"id":25117,"date":"2025-07-17T11:32:42","date_gmt":"2025-07-17T14:32:42","guid":{"rendered":"https:\/\/diariorepublica.com.ar\/web\/?p=25117"},"modified":"2025-07-17T11:32:43","modified_gmt":"2025-07-17T14:32:43","slug":"no-hay-ninguna-crisis-institucional-dijo-francos","status":"publish","type":"post","link":"https:\/\/diariorepublica.com.ar\/web\/index.php\/politica\/2025\/07\/17\/no-hay-ninguna-crisis-institucional-dijo-francos\/","title":{"rendered":"\u00abNo hay ninguna crisis institucional\u00bb, dijo Francos"},"content":{"rendered":"<p>El jefe de Gabinete,\u00a0<strong>Guillermo Francos,\u00a0<\/strong>asegur\u00f3 hoy que\u00a0<strong>\u00abno hay ninguna crisis institucional\u00bb, ya que el presidente Javier Milei y su vice, Victoria Villarruel, \u00abcumplen su rol,<\/strong>\u00a0a la vez que dijo que \u00aben todo caso hay una crisis pol\u00edtica\u00bb.<\/p>\n<p>\u00abNo hay ninguna crisis institucional porque tanto el Presidente como la Vice cumplen su rol. En todo caso, hay una crisis pol\u00edtica\u00bb, dijo en di\u00e1logo con Nelson Castro por Radio Rivadavia.<\/p>\n<p>Adem\u00e1s, manifest\u00f3: \u00abEstamos en el tema del desacuerdo que gener\u00f3 la aprobaci\u00f3n en el senado de las leyes que impactan en el equilibrio fiscal, y el presidente expres\u00f3 con claridad que no se toque un c\u00e9ntimo de \u00e9l, por lo que<strong>\u00a0va a vetar todo lo necesario para impedirlo\u00bb.<\/strong><\/p>\n<p>\u00abAnalizando el estado de la opini\u00f3n p\u00fablica, puede ser que algunos hablen de la forma del presidente, pero\u00a0<strong>la aceptaci\u00f3n que hay de alguien que se atrevi\u00f3 a romper con las superestructuras es mucha\u00bb,<\/strong>\u00a0indic\u00f3.<\/p>\n<p>NA<\/p>\n","protected":false},"excerpt":{"rendered":"<p>El jefe de Gabinete,\u00a0Guillermo Francos,\u00a0asegur\u00f3 hoy que\u00a0\u00abno hay ninguna crisis institucional\u00bb, ya que el presidente Javier Milei y su vice,<\/p>\n","protected":false},"author":1,"featured_media":25118,"comment_status":"closed","ping_status":"closed","sticky":false,"template":"","format":"standard","meta":{"footnotes":"","jetpack_publicize_message":"","jetpack_publicize_feature_enabled":true,"jetpack_social_post_already_shared":true,"jetpack_social_options":{"image_generator_settings":{"template":"highway","enabled":false},"version":2}},"categories":[12],"tags":[],"class_list":["post-25117","post","type-post","status-publish","format-standard","has-post-thumbnail","hentry","category-politica"],"jetpack_publicize_connections":[],"_links":{"self":[{"href":"https:\/\/diariorepublica.com.ar\/web\/index.php\/wp-json\/wp\/v2\/posts\/25117"}],"collection":[{"href":"https:\/\/diariorepublica.com.ar\/web\/index.php\/wp-json\/wp\/v2\/posts"}],"about":[{"href":"https:\/\/diariorepublica.com.ar\/web\/index.php\/wp-json\/wp\/v2\/types\/post"}],"author":[{"embeddable":true,"href":"https:\/\/diariorepublica.com.ar\/web\/index.php\/wp-json\/wp\/v2\/users\/1"}],"replies":[{"embeddable":true,"href":"https:\/\/diariorepublica.com.ar\/web\/index.php\/wp-json\/wp\/v2\/comments?post=25117"}],"version-history":[{"count":1,"href":"https:\/\/diariorepublica.com.ar\/web\/index.php\/wp-json\/wp\/v2\/posts\/25117\/revisions"}],"predecessor-version":[{"id":25119,"href":"https:\/\/diariorepublica.com.ar\/web\/index.php\/wp-json\/wp\/v2\/posts\/25117\/revisions\/25119"}],"wp:featuredmedia":[{"embeddable":true,"href":"https:\/\/diariorepublica.com.ar\/web\/index.php\/wp-json\/wp\/v2\/media\/25118"}],"wp:attachment":[{"href":"https:\/\/diariorepublica.com.ar\/web\/index.php\/wp-json\/wp\/v2\/media?parent=25117"}],"wp:term":[{"taxonomy":"category","embeddable":true,"href":"https:\/\/diariorepublica.com.ar\/web\/index.php\/wp-json\/wp\/v2\/categories?post=25117"},{"taxonomy":"post_tag","embeddable":true,"href":"https:\/\/diariorepublica.com.ar\/web\/index.php\/wp-json\/wp\/v2\/tags?post=25117"}],"curies":[{"name":"wp","href":"https:\/\/api.w.org\/{rel}","templated":true}]}}