{"id":25121,"date":"2025-07-17T12:35:00","date_gmt":"2025-07-17T15:35:00","guid":{"rendered":"https:\/\/diariorepublica.com.ar\/web\/?p=25121"},"modified":"2025-07-17T11:37:03","modified_gmt":"2025-07-17T14:37:03","slug":"mi-capital-es-cultura-2025-cuarta-edicion-duplican-el-presupuesto-a-40-000-000-para-apoyar-a-los-artistas-locales","status":"publish","type":"post","link":"https:\/\/diariorepublica.com.ar\/web\/index.php\/locales\/2025\/07\/17\/mi-capital-es-cultura-2025-cuarta-edicion-duplican-el-presupuesto-a-40-000-000-para-apoyar-a-los-artistas-locales\/","title":{"rendered":"\u201cMi Capital es Cultura 2025\u201d cuarta edici\u00f3n: duplican el presupuesto a 40.000.000 para apoyar a los artistas locales"},"content":{"rendered":"<p dir=\"ltr\">El intendente de la Capital, Gustavo Saadi, encabez\u00f3 el lanzamiento de una nueva edici\u00f3n del programa \u00abMi Capital es Cultura \u2013 Edici\u00f3n 2025\u00bb, este programa est\u00e1 destinado a fortalecer y promover el talento art\u00edstico y cultural de la ciudad. Con una inversi\u00f3n de $40.000.000 en aportes no reintegrables para este a\u00f1o, el programa busca dar un impulso a proyectos culturales, tanto individuales como grupales, en una diversidad de disciplinas.<\/p>\n<p dir=\"ltr\">La convocatoria, gestionada a trav\u00e9s de la Direcci\u00f3n General de Cultura, dependiente de la Secretar\u00eda de Educaci\u00f3n y Cultura, est\u00e1 abierta a todos los artistas residentes en nuestra ciudad. El espectro de categor\u00edas abarca desde las Artes Esc\u00e9nicas (teatro, t\u00edteres, danza, circo) y Artes Visuales (escultura, pintura, grabado, fotograf\u00eda) hasta el \u00e1mbito Audiovisual (programas de TV, streaming, ficci\u00f3n, documental, publicidad, videojuegos, arte digital y animaci\u00f3n). Tambi\u00e9n se incluyen la M\u00fasica, Letras, las Artesan\u00edas (dise\u00f1o textil, orfebrer\u00eda, cer\u00e1mica) y los Espacios Culturales, reconociendo la riqueza y amplitud de la producci\u00f3n local.<\/p>\n<p dir=\"ltr\">Durante la ceremonia, el intendente resalt\u00f3 la importancia de apoyar a los artistas locales: \u00ab&#8230;hay mucha creatividad, hay muchos que hacen, componen, escriben, hacen documentales y por ah\u00ed tienen la idea, el talento y no tienen ese impulso econ\u00f3mico que necesitan\u2026 para ellos, les decimos que no est\u00e1n solos, que la municipalidad va a ayudarlos\u201d.<\/p>\n<p dir=\"ltr\">\u00abLa cultura tiene que ver con nuestra identidad, es entretenimiento, pero tambi\u00e9n tiene que ver con el desarrollo econ\u00f3mico de nuestra ciudad porque genera empleo y tiende al desarrollo local de nuestra ciudad\u00bb, afirm\u00f3. Tambi\u00e9n enfatiz\u00f3 en la visi\u00f3n de la Capital como un polo tur\u00edstico, industrial, de servicios y cultural, caracter\u00edsticas inherentes a las grandes ciudades.<\/p>\n<p dir=\"ltr\">Casi se duplica<\/p>\n<p dir=\"ltr\">Durante el evento, el intendente anunci\u00f3 la duplicaci\u00f3n del presupuesto para este a\u00f1o: \u00ab&#8230;porque vemos que, a nivel nacional un poco, no s\u00e9 si ser\u00e1 la palabra, pero se desprecia el tema cultural y nosotros, vamos a hacer absolutamente todo lo contrario, nosotros vamos a seguir invirtiendo, fomentando, tratando de colaborar y ayudar con este sector tan importante para nuestra ciudad Capital\u00bb, Y a\u00f1adi\u00f3 \u00abNo puede haber un desarrollo de nuestra comunidad sin cultura. Eso es lo \u00fanico que puedo decir\u2026\u00bb, concluy\u00f3.<\/p>\n<p dir=\"ltr\">Por su parte, Alejandro Farf\u00e1n, director de Cultura, record\u00f3: \u00abMi Capital es Cultura\u201d, ha nacido como un programa de fomento de reactivaci\u00f3n cultural en el marco post pandemia, lo cual ha sido una iniciativa de nuestro intendente Gustavo Saadi para buscar apoyar justamente aquellos proyectos o los sectores que por ah\u00ed estaban todav\u00eda un poco cerrados\u00bb, explic\u00f3.<\/p>\n<p dir=\"ltr\">En su cuarta edici\u00f3n, el programa casi duplica el presupuesto respecto al a\u00f1o anterior. \u00abYo quiero humildemente destacar, esta decisi\u00f3n pol\u00edtica de continuar este programa de fomento, lo cual nos parece, por supuesto, m\u00e1s acertado\u00bb, ya que a nivel nacional sucede todo lo contrario debido a la escasez del financiamiento.<\/p>\n<p dir=\"ltr\">Acompa\u00f1aron al intendente, la secretaria de Educaci\u00f3n y Cultura, Marqueza Blanco, el director de Cultura, Alejandro Farf\u00e1n, la administradora de Gesti\u00f3n Cultural, Valeria Berrondo, entre otras autoridades.<\/p>\n<p dir=\"ltr\">Inscribite<\/p>\n<p dir=\"ltr\">Los interesados se pueden inscribir en el siguiente link hasta el 3\u00a0 de agosto:<\/p>\n<p dir=\"ltr\"><a href=\"https:\/\/docs.google.com\/forms\/d\/e\/1FAIpQLSe4I3Xo0Z_oByBxafD0i4zb_Yp9BydLpOdC1otb7ZfWhJXATw\/viewform\" target=\"_blank\" rel=\"noopener\" data-saferedirecturl=\"https:\/\/www.google.com\/url?q=https:\/\/docs.google.com\/forms\/d\/e\/1FAIpQLSe4I3Xo0Z_oByBxafD0i4zb_Yp9BydLpOdC1otb7ZfWhJXATw\/viewform&amp;source=gmail&amp;ust=1752849096766000&amp;usg=AOvVaw2EhHGUyBzfowrpJmgNLr_2\">https:\/\/docs.google.com\/forms\/<wbr \/>d\/e\/1FAIpQLSe4I3Xo0Z_<wbr \/>oByBxafD0i4zb_<wbr \/>Yp9BydLpOdC1otb7ZfWhJXATw\/<wbr \/>viewform<\/a><\/p>\n","protected":false},"excerpt":{"rendered":"<p>El intendente de la Capital, Gustavo Saadi, encabez\u00f3 el lanzamiento de una nueva edici\u00f3n del programa \u00abMi Capital es Cultura<\/p>\n","protected":false},"author":1,"featured_media":25122,"comment_status":"closed","ping_status":"closed","sticky":false,"template":"","format":"standard","meta":{"footnotes":"","jetpack_publicize_message":"","jetpack_publicize_feature_enabled":true,"jetpack_social_post_already_shared":true,"jetpack_social_options":{"image_generator_settings":{"template":"highway","enabled":false},"version":2}},"categories":[2],"tags":[],"class_list":["post-25121","post","type-post","status-publish","format-standard","has-post-thumbnail","hentry","category-locales"],"jetpack_publicize_connections":[],"_links":{"self":[{"href":"https:\/\/diariorepublica.com.ar\/web\/index.php\/wp-json\/wp\/v2\/posts\/25121"}],"collection":[{"href":"https:\/\/diariorepublica.com.ar\/web\/index.php\/wp-json\/wp\/v2\/posts"}],"about":[{"href":"https:\/\/diariorepublica.com.ar\/web\/index.php\/wp-json\/wp\/v2\/types\/post"}],"author":[{"embeddable":true,"href":"https:\/\/diariorepublica.com.ar\/web\/index.php\/wp-json\/wp\/v2\/users\/1"}],"replies":[{"embeddable":true,"href":"https:\/\/diariorepublica.com.ar\/web\/index.php\/wp-json\/wp\/v2\/comments?post=25121"}],"version-history":[{"count":1,"href":"https:\/\/diariorepublica.com.ar\/web\/index.php\/wp-json\/wp\/v2\/posts\/25121\/revisions"}],"predecessor-version":[{"id":25123,"href":"https:\/\/diariorepublica.com.ar\/web\/index.php\/wp-json\/wp\/v2\/posts\/25121\/revisions\/25123"}],"wp:featuredmedia":[{"embeddable":true,"href":"https:\/\/diariorepublica.com.ar\/web\/index.php\/wp-json\/wp\/v2\/media\/25122"}],"wp:attachment":[{"href":"https:\/\/diariorepublica.com.ar\/web\/index.php\/wp-json\/wp\/v2\/media?parent=25121"}],"wp:term":[{"taxonomy":"category","embeddable":true,"href":"https:\/\/diariorepublica.com.ar\/web\/index.php\/wp-json\/wp\/v2\/categories?post=25121"},{"taxonomy":"post_tag","embeddable":true,"href":"https:\/\/diariorepublica.com.ar\/web\/index.php\/wp-json\/wp\/v2\/tags?post=25121"}],"curies":[{"name":"wp","href":"https:\/\/api.w.org\/{rel}","templated":true}]}}