{"id":25124,"date":"2025-07-17T11:39:35","date_gmt":"2025-07-17T14:39:35","guid":{"rendered":"https:\/\/diariorepublica.com.ar\/web\/?p=25124"},"modified":"2025-07-17T11:39:37","modified_gmt":"2025-07-17T14:39:37","slug":"el-gobierno-amplio-el-consumo-subsidiado-de-luz-a-usuarios-que-no-tienen-acceso-al-gas","status":"publish","type":"post","link":"https:\/\/diariorepublica.com.ar\/web\/index.php\/nacionales\/2025\/07\/17\/el-gobierno-amplio-el-consumo-subsidiado-de-luz-a-usuarios-que-no-tienen-acceso-al-gas\/","title":{"rendered":"El Gobierno ampli\u00f3 el consumo subsidiado de luz a usuarios que no tienen acceso al gas"},"content":{"rendered":"<p>El Gobierno\u00a0<strong>ampli\u00f3 el consumo subsidiado de luz a usuarios que no tienen acceso al gas<\/strong>\u00a0para atender las necesidades energ\u00e9ticas en pleno invierno, mediante la Disposici\u00f3n 2\/2025 publicada este jueves en el Bolet\u00edn Oficial.<\/p>\n<p>La normativa elev\u00f3 los consumos base en las tarifas de electricidad para los usuarios de ingresos bajos (N2) y medios (N3) que residen en zonas fr\u00edas y no cuentan con servicio de gas natural por redes ni gas propano indiluido por redes.<\/p>\n<p>De esta manera, los hogares de ingresos bajos\u00a0<strong>tendr\u00e1n un consumo base subsidiado de 700 kWh<\/strong>\u00a0por mes en las boletas de luz, mientras que aquellos categorizados en el estad\u00edo medio\u00a0<strong>tendr\u00e1n asistencia estatal en el consumo de 500 kWh mensuales.<\/strong><\/p>\n<p>Los consumos base diferenciados\u00a0<strong>ser\u00e1n aplicados desde el 1\u00b0 de julio hasta 31 de agosto<\/strong>\u00a0para los hogares radicados en C\u00f3rdoba, Santa Fe, Buenos Aires, San Luis, Mendoza, La Pampa, Neuqu\u00e9n, R\u00edo Negro, Santa Cruz, Chubut y Tierra del Fuego, que forman parte del r\u00e9gimen de Zona Fr\u00eda.<\/p>\n<p>El resto de los hogares del pa\u00eds que no se encuentran ubicados en las subzonas comprendidas, mantienen los topes mensuales de consumo con subsidios en 250 kWh para los N2 y 350 kWh para los N3.<\/p>\n<p>El Ejecutivo argument\u00f3 la decisi\u00f3n considerando que es necesaria<i>\u00a0<strong>\u201ca los fines de contribuir a una mejora en la focalizaci\u00f3n de los subsidios, sin desatender las necesidades que pudieren presentar durante el invierno los hogares categorizados como Nivel 2 y Nivel 3\u201d.<\/strong><\/i><\/p>\n<p>En este marco, dispuso notificar a los entes reguladores y a la totalidad de las empresas prestadoras del servicio p\u00fablico de distribuci\u00f3n de energ\u00eda el\u00e9ctrica, de jurisdicci\u00f3n federal y provincial, para que, en la aplicaci\u00f3n de los precios estacionales de la electricidad (PEST) consideren el impacto de la medida.<\/p>\n<p>Al respecto, determin\u00f3 que entes y distribuidoras<i>\u00a0\u201ccoordinen todas las acciones y cursen todas las informaciones necesarias para asegurar la aplicaci\u00f3n en todas las jurisdicciones del pa\u00eds, incluyendo<strong>\u00a0la elaboraci\u00f3n de nuevos cuadros tarifarios si correspondiere y, en su caso, la refacturaci\u00f3n o acreditaci\u00f3n de eventuales diferencias en las liquidaciones de servicios\u201d.<\/strong><\/i><\/p>\n","protected":false},"excerpt":{"rendered":"<p>El Gobierno\u00a0ampli\u00f3 el consumo subsidiado de luz a usuarios que no tienen acceso al gas\u00a0para atender las necesidades energ\u00e9ticas en<\/p>\n","protected":false},"author":1,"featured_media":25125,"comment_status":"closed","ping_status":"closed","sticky":false,"template":"","format":"standard","meta":{"footnotes":"","jetpack_publicize_message":"","jetpack_publicize_feature_enabled":true,"jetpack_social_post_already_shared":true,"jetpack_social_options":{"image_generator_settings":{"template":"highway","enabled":false},"version":2}},"categories":[4],"tags":[],"class_list":["post-25124","post","type-post","status-publish","format-standard","has-post-thumbnail","hentry","category-nacionales"],"jetpack_publicize_connections":[],"_links":{"self":[{"href":"https:\/\/diariorepublica.com.ar\/web\/index.php\/wp-json\/wp\/v2\/posts\/25124"}],"collection":[{"href":"https:\/\/diariorepublica.com.ar\/web\/index.php\/wp-json\/wp\/v2\/posts"}],"about":[{"href":"https:\/\/diariorepublica.com.ar\/web\/index.php\/wp-json\/wp\/v2\/types\/post"}],"author":[{"embeddable":true,"href":"https:\/\/diariorepublica.com.ar\/web\/index.php\/wp-json\/wp\/v2\/users\/1"}],"replies":[{"embeddable":true,"href":"https:\/\/diariorepublica.com.ar\/web\/index.php\/wp-json\/wp\/v2\/comments?post=25124"}],"version-history":[{"count":1,"href":"https:\/\/diariorepublica.com.ar\/web\/index.php\/wp-json\/wp\/v2\/posts\/25124\/revisions"}],"predecessor-version":[{"id":25126,"href":"https:\/\/diariorepublica.com.ar\/web\/index.php\/wp-json\/wp\/v2\/posts\/25124\/revisions\/25126"}],"wp:featuredmedia":[{"embeddable":true,"href":"https:\/\/diariorepublica.com.ar\/web\/index.php\/wp-json\/wp\/v2\/media\/25125"}],"wp:attachment":[{"href":"https:\/\/diariorepublica.com.ar\/web\/index.php\/wp-json\/wp\/v2\/media?parent=25124"}],"wp:term":[{"taxonomy":"category","embeddable":true,"href":"https:\/\/diariorepublica.com.ar\/web\/index.php\/wp-json\/wp\/v2\/categories?post=25124"},{"taxonomy":"post_tag","embeddable":true,"href":"https:\/\/diariorepublica.com.ar\/web\/index.php\/wp-json\/wp\/v2\/tags?post=25124"}],"curies":[{"name":"wp","href":"https:\/\/api.w.org\/{rel}","templated":true}]}}