{"id":25127,"date":"2025-07-17T14:42:00","date_gmt":"2025-07-17T17:42:00","guid":{"rendered":"https:\/\/diariorepublica.com.ar\/web\/?p=25127"},"modified":"2025-07-17T11:43:16","modified_gmt":"2025-07-17T14:43:16","slug":"la-fiesta-del-poncho-tambien-se-puede-disfrutar-en-vivo-por-las-redes","status":"publish","type":"post","link":"https:\/\/diariorepublica.com.ar\/web\/index.php\/sociedad\/2025\/07\/17\/la-fiesta-del-poncho-tambien-se-puede-disfrutar-en-vivo-por-las-redes\/","title":{"rendered":"La Fiesta del Poncho tambi\u00e9n se puede disfrutar en vivo por las redes"},"content":{"rendered":"<p dir=\"ltr\">La 54\u00ba edici\u00f3n de la\u00a0Fiesta Nacional e Internacional del Poncho, que se desarrollar\u00e1 del\u00a018 al 27 de julio\u00a0en el Predio Ferial Catamarca, podr\u00e1 vivirse tambi\u00e9n\u00a0a la distancia, gracias a la transmisi\u00f3n en vivo de sus espect\u00e1culos m\u00e1s destacados.<\/p>\n<p dir=\"ltr\">Tanto el\u00a0Escenario Mayor, coraz\u00f3n art\u00edstico de la Fiesta, como el\u00a0Escenario del Patio, espacio que celebra la m\u00fasica y el encuentro, podr\u00e1n seguirse en directo a trav\u00e9s del\u00a0Canal de YouTube del Ministerio de Cultura, Turismo y Deporte de Catamarca\u00a0y de la\u00a0p\u00e1gina oficial de Facebook de la Fiesta Nacional del Poncho.<\/p>\n<p dir=\"ltr\">La transmisi\u00f3n en vivo de dos de los cuatro escenarios que tiene la fiesta m\u00e1s grande del invierno en Argentina consolida una pol\u00edtica de expansi\u00f3n del evento, que ha permitido ampliar fronteras y reafirmar el car\u00e1cter federal e inclusivo de la fiesta de los catamarque\u00f1os.<\/p>\n<p dir=\"ltr\">En un esfuerzo de producci\u00f3n desplegado por la organizaci\u00f3n de la fiesta, lo que suceda en los principales escenarios trascender\u00e1 el espacio para llegar a todos los interesados en el pa\u00eds y el mundo, que podr\u00e1n disfrutar de la calidad art\u00edstica que distingue al encuentro m\u00e1s popular y grande del invierno argentino.<\/p>\n<p dir=\"ltr\">Escenario Mayor: transmisi\u00f3n en vivo desde las\u00a021:00 hs.<\/p>\n<p dir=\"ltr\">Escenario del Patio: transmisi\u00f3n en vivo desde las\u00a015:30 hs<\/p>\n<p dir=\"ltr\">Para seguir la transmisi\u00f3n:<\/p>\n<ul>\n<li dir=\"ltr\">\n<p dir=\"ltr\" role=\"presentation\">YouTube:<a href=\"https:\/\/www.youtube.com\/@CulturaTurismoyDeporteCatamarca\" target=\"_blank\" rel=\"noopener\" data-saferedirecturl=\"https:\/\/www.google.com\/url?q=https:\/\/www.youtube.com\/@CulturaTurismoyDeporteCatamarca&amp;source=gmail&amp;ust=1752849708630000&amp;usg=AOvVaw0jLmSCELkybeoRCzSESoNi\"> Ministerio de Cultura, Turismo y Deporte de Catamarca<\/a><\/p>\n<\/li>\n<li dir=\"ltr\">\n<p dir=\"ltr\" role=\"presentation\">Facebook:<a href=\"https:\/\/www.facebook.com\/FiestaNacionalDelPoncho\" target=\"_blank\" rel=\"noopener\" data-saferedirecturl=\"https:\/\/www.google.com\/url?q=https:\/\/www.facebook.com\/FiestaNacionalDelPoncho&amp;source=gmail&amp;ust=1752849708630000&amp;usg=AOvVaw3AUC_hGWoGgaBrMZ6dHJls\"> Fiesta Nacional e Internacional del Poncho<\/a><\/p>\n<\/li>\n<\/ul>\n<p dir=\"ltr\">Aclaraci\u00f3n. La televisaci\u00f3n de los shows de artistas nacionales est\u00e1 sujeta a las cl\u00e1usulas contractuales de cada artist<\/p>\n","protected":false},"excerpt":{"rendered":"<p>La 54\u00ba edici\u00f3n de la\u00a0Fiesta Nacional e Internacional del Poncho, que se desarrollar\u00e1 del\u00a018 al 27 de julio\u00a0en el Predio<\/p>\n","protected":false},"author":1,"featured_media":25128,"comment_status":"closed","ping_status":"closed","sticky":false,"template":"","format":"standard","meta":{"footnotes":"","jetpack_publicize_message":"","jetpack_publicize_feature_enabled":true,"jetpack_social_post_already_shared":true,"jetpack_social_options":{"image_generator_settings":{"template":"highway","enabled":false},"version":2}},"categories":[3],"tags":[],"class_list":["post-25127","post","type-post","status-publish","format-standard","has-post-thumbnail","hentry","category-sociedad"],"jetpack_publicize_connections":[],"_links":{"self":[{"href":"https:\/\/diariorepublica.com.ar\/web\/index.php\/wp-json\/wp\/v2\/posts\/25127"}],"collection":[{"href":"https:\/\/diariorepublica.com.ar\/web\/index.php\/wp-json\/wp\/v2\/posts"}],"about":[{"href":"https:\/\/diariorepublica.com.ar\/web\/index.php\/wp-json\/wp\/v2\/types\/post"}],"author":[{"embeddable":true,"href":"https:\/\/diariorepublica.com.ar\/web\/index.php\/wp-json\/wp\/v2\/users\/1"}],"replies":[{"embeddable":true,"href":"https:\/\/diariorepublica.com.ar\/web\/index.php\/wp-json\/wp\/v2\/comments?post=25127"}],"version-history":[{"count":1,"href":"https:\/\/diariorepublica.com.ar\/web\/index.php\/wp-json\/wp\/v2\/posts\/25127\/revisions"}],"predecessor-version":[{"id":25129,"href":"https:\/\/diariorepublica.com.ar\/web\/index.php\/wp-json\/wp\/v2\/posts\/25127\/revisions\/25129"}],"wp:featuredmedia":[{"embeddable":true,"href":"https:\/\/diariorepublica.com.ar\/web\/index.php\/wp-json\/wp\/v2\/media\/25128"}],"wp:attachment":[{"href":"https:\/\/diariorepublica.com.ar\/web\/index.php\/wp-json\/wp\/v2\/media?parent=25127"}],"wp:term":[{"taxonomy":"category","embeddable":true,"href":"https:\/\/diariorepublica.com.ar\/web\/index.php\/wp-json\/wp\/v2\/categories?post=25127"},{"taxonomy":"post_tag","embeddable":true,"href":"https:\/\/diariorepublica.com.ar\/web\/index.php\/wp-json\/wp\/v2\/tags?post=25127"}],"curies":[{"name":"wp","href":"https:\/\/api.w.org\/{rel}","templated":true}]}}