{"id":25130,"date":"2025-07-17T18:06:11","date_gmt":"2025-07-17T21:06:11","guid":{"rendered":"https:\/\/diariorepublica.com.ar\/web\/?p=25130"},"modified":"2025-07-17T18:06:13","modified_gmt":"2025-07-17T21:06:13","slug":"capital-cerro-el-acuerdo-salarial-con-el-soem","status":"publish","type":"post","link":"https:\/\/diariorepublica.com.ar\/web\/index.php\/locales\/2025\/07\/17\/capital-cerro-el-acuerdo-salarial-con-el-soem\/","title":{"rendered":"Capital cerr\u00f3 el acuerdo salarial con el SOEM"},"content":{"rendered":"<p>La Municipalidad de la Capital cerr\u00f3 un nuevo acuerdo salarial con el Sindicato de Obreros y Empleados Municipales (SOEM), que incluy\u00f3 un importante aumento y el otorgamiento de un bono.<br \/>\nLa r\u00fabrica del documento fue formalizada por el secretario de Gobierno y Coordinaci\u00f3n, Germ\u00e1n Kranevitter y la secretaria de Hacienda de la comuna, Giselle Monjes; junto con las autoridades del sindicato, Luis \u00c1lamo como secretario general y Mar\u00eda Eugenia Varela como secretaria adjunta.<br \/>\nEn sus principales puntos, el acuerdo establece que:<\/p>\n<p>* El municipio se compromete a otorgar un incremento salarial del doce por ciento (12%) en concepto de \u00ab2do Acuerdo Salarial 2025\u00bb para todos los trabajadores que se rigen por la Ordenanza Municipal N\u00b01368\/86 E.O.E.M. y sus modificatorias.<\/p>\n<p>* El aumento se aplicar\u00e1 con forma acumulativa sobre todos los conceptos salariales y se har\u00e1 efectivo en tres cuotas: la primera del cuatro por ciento (4%) sobre los haberes a devengados a partir del primero de julio de 2.025 a pagarse en el mes de agosto de 2.025, la segunda cuota del cuatro por ciento (4%) sobre los haberes a devengarse a partir del primero de septiembre de 2025 a pagarse con el mes de octubre de 2025 y le tercera cuota del cuatro por ciento (4%) sobre los haberes e devengarse a partir del primero de noviembre de 2025 a pagarse en el mes de diciembre de 2025.<\/p>\n<p>Por otra parte, se acord\u00f3 el pago de un adicional no remunerativo de 80.000 pesos para todos los trabajadores que se rigen por la Ordenanza Municipal N\u00b01368\/86 E.O.E.M. y sus modificatorias. Este pago ser\u00e1 a partir de la efectivizaci\u00f3n de los haberes de julio y se mantendr\u00e1 hasta tanto no sea absorbido en los haberes.<br \/>\nEl pr\u00f3ximo mes de diciembre, municipio y gremio volver\u00e1n a analizar la situaci\u00f3n, para dialogar sobre la posibilidad de incorporar a los haberes la suma no remunerativa acordada hoy.<\/p>\n","protected":false},"excerpt":{"rendered":"<p>La Municipalidad de la Capital cerr\u00f3 un nuevo acuerdo salarial con el Sindicato de Obreros y Empleados Municipales (SOEM), que<\/p>\n","protected":false},"author":1,"featured_media":25131,"comment_status":"closed","ping_status":"closed","sticky":false,"template":"","format":"standard","meta":{"footnotes":"","jetpack_publicize_message":"","jetpack_publicize_feature_enabled":true,"jetpack_social_post_already_shared":true,"jetpack_social_options":{"image_generator_settings":{"template":"highway","enabled":false},"version":2}},"categories":[2],"tags":[],"class_list":["post-25130","post","type-post","status-publish","format-standard","has-post-thumbnail","hentry","category-locales"],"jetpack_publicize_connections":[],"_links":{"self":[{"href":"https:\/\/diariorepublica.com.ar\/web\/index.php\/wp-json\/wp\/v2\/posts\/25130"}],"collection":[{"href":"https:\/\/diariorepublica.com.ar\/web\/index.php\/wp-json\/wp\/v2\/posts"}],"about":[{"href":"https:\/\/diariorepublica.com.ar\/web\/index.php\/wp-json\/wp\/v2\/types\/post"}],"author":[{"embeddable":true,"href":"https:\/\/diariorepublica.com.ar\/web\/index.php\/wp-json\/wp\/v2\/users\/1"}],"replies":[{"embeddable":true,"href":"https:\/\/diariorepublica.com.ar\/web\/index.php\/wp-json\/wp\/v2\/comments?post=25130"}],"version-history":[{"count":1,"href":"https:\/\/diariorepublica.com.ar\/web\/index.php\/wp-json\/wp\/v2\/posts\/25130\/revisions"}],"predecessor-version":[{"id":25132,"href":"https:\/\/diariorepublica.com.ar\/web\/index.php\/wp-json\/wp\/v2\/posts\/25130\/revisions\/25132"}],"wp:featuredmedia":[{"embeddable":true,"href":"https:\/\/diariorepublica.com.ar\/web\/index.php\/wp-json\/wp\/v2\/media\/25131"}],"wp:attachment":[{"href":"https:\/\/diariorepublica.com.ar\/web\/index.php\/wp-json\/wp\/v2\/media?parent=25130"}],"wp:term":[{"taxonomy":"category","embeddable":true,"href":"https:\/\/diariorepublica.com.ar\/web\/index.php\/wp-json\/wp\/v2\/categories?post=25130"},{"taxonomy":"post_tag","embeddable":true,"href":"https:\/\/diariorepublica.com.ar\/web\/index.php\/wp-json\/wp\/v2\/tags?post=25130"}],"curies":[{"name":"wp","href":"https:\/\/api.w.org\/{rel}","templated":true}]}}