{"id":25142,"date":"2025-07-18T07:24:00","date_gmt":"2025-07-18T10:24:00","guid":{"rendered":"https:\/\/diariorepublica.com.ar\/web\/?p=25142"},"modified":"2025-07-18T08:25:49","modified_gmt":"2025-07-18T11:25:49","slug":"francos-sumo-foto-con-gobernadores-que-reclaman-una-convocatoria-formal-de-nacion","status":"publish","type":"post","link":"https:\/\/diariorepublica.com.ar\/web\/index.php\/politica\/2025\/07\/18\/francos-sumo-foto-con-gobernadores-que-reclaman-una-convocatoria-formal-de-nacion\/","title":{"rendered":"Francos sum\u00f3 foto con gobernadores, que reclaman una convocatoria formal de Naci\u00f3n"},"content":{"rendered":"<article class=\"article-body article-body--first-paragraph content-protected-false\" data-td-script-src=\"https:\/\/www.ambito.com\/td\/modulos\/encuestas\/js\/function-embeds-min-version-1747541270.js\">En plenos tironeos por fondos, el jefe de Gabinete\u00a0<strong>Guillermo Francos<\/strong>\u00a0y un grupo de gobernadores tuvieron un careo este jueves en el marco de la 137\u00b0 edici\u00f3n de la muestra ganadera de la Sociedad Rural Argentina (SRA), cuya\u00a0inauguraci\u00f3n se concret\u00f3 a la ma\u00f1ana.\u00a0Las partes compartieron un c\u00f3ctel organizado por el titular de la SRA,\u00a0<strong>Nicol\u00e1s Pino.\u00a0<\/strong>Aunque destacaron el clima de cordialidad,\u00a0<strong>las provincias insisten con una convocatoria formal del Gobierno para negociar<\/strong>.<\/p>\n<\/article>\n<article class=\"article-body article-body--second-paragraph content-protected-false\">El encuentro se produjo en un \u00e1gape a partir de las 19, al que acudieron los mandatarios\u00a0<strong>Ignacio Torres<\/strong>\u00a0(Chubut),\u00a0<strong>Gustavo S\u00e1enz<\/strong>\u00a0(Salta),\u00a0<strong>Ra\u00fal Jalil<\/strong>\u00a0(Catamarca),\u00a0<strong>Carlos Sadir<\/strong>\u00a0(Jujuy),<strong>\u00a0Jorge Macri<\/strong>\u00a0(CABA),\u00a0<strong>Rogelio Frigerio<\/strong>\u00a0(Entre R\u00edos),\u00a0<strong>Marcelo Orrego<\/strong>\u00a0(San Juan) y\u00a0<strong>Sergio Ziliotto<\/strong>\u00a0(La Pampa), un pelot\u00f3n variopinto, con representantes del peronismo dialoguista y opositor, del PRO, la UCR y de los provincialismos. El tucumano\u00a0<strong>Osvaldo Jaldo, en tanto,<\/strong>\u00a0descart\u00f3 asistir, a la espera de una convocatoria oficial del Gobierno.<\/p>\n<article class=\"article-body article-body--third-paragraph content-protected-false\">Adem\u00e1s de Francos, estuvo su vicejefe de Gabinete del Interior,\u00a0<strong>Lisandro Catal\u00e1n<\/strong>, y otros representantes provinciales y del sector agropecuario.<\/p>\n<\/article>\n<article class=\"article-body article-body--fourth-paragraph content-protected-false\"><strong>\u00abHubo buena onda y charlaron un rato, pero los gobernadores siguen firmes. Mientras no afecte al equilibrio fiscal, van a avanzar\u00bb,\u00a0<\/strong>mencionaron desde la \u00f3rbita de un l\u00edder que particip\u00f3 del encuentro. \u00ab<strong>No hubo un grado de formalidad, hubo algunas reuniones medio informales, pero nada mayor\u00bb<\/strong>, complet\u00f3 otro dirigente distrital.<\/p>\n<\/article>\n<article class=\"article-body article-body--remaining-paragraph content-protected-false\">Las partes graficaron que prim\u00f3 la cordialidad, pero dieron con tierra con algunas versiones previas de que avanzar\u00edan en las conversaciones por fondos.\u00a0<strong>\u00abNo hab\u00eda ni lugar para que pase algo\u00bb<\/strong>, coment\u00f3 una fuente que asisti\u00f3 al edificio de Palermo.<\/p>\n<p>Tras el evento, el peronista Ziliotto destac\u00f3 \u00abla necesaria articulaci\u00f3n entre lo p\u00fablico y lo privado que sostenemos e impulsamos para generar un proceso virtuoso de producci\u00f3n y trabajo al servicio del desarrollo de nuestro pa\u00eds\u00bb.<\/p>\n<div id=\"embed6387_wrap\" class=\"embed_cont type_freetext\" contenteditable=\"false\" data-provider=\"Twitter\">\n<div id=\"embed6387_content\" class=\"embed_content\">\n<div id=\"embed6387_embed\">\n<div class=\"twitter-tweet twitter-tweet-rendered\"><iframe id=\"twitter-widget-0\" class=\"\" title=\"X Post\" src=\"https:\/\/platform.twitter.com\/embed\/Tweet.html?creatorScreenName=Ambitocom&amp;dnt=false&amp;embedId=twitter-widget-0&amp;features=eyJ0ZndfdGltZWxpbmVfbGlzdCI6eyJidWNrZXQiOltdLCJ2ZXJzaW9uIjpudWxsfSwidGZ3X2ZvbGxvd2VyX2NvdW50X3N1bnNldCI6eyJidWNrZXQiOnRydWUsInZlcnNpb24iOm51bGx9LCJ0ZndfdHdlZXRfZWRpdF9iYWNrZW5kIjp7ImJ1Y2tldCI6Im9uIiwidmVyc2lvbiI6bnVsbH0sInRmd19yZWZzcmNfc2Vzc2lvbiI6eyJidWNrZXQiOiJvbiIsInZlcnNpb24iOm51bGx9LCJ0ZndfZm9zbnJfc29mdF9pbnRlcnZlbnRpb25zX2VuYWJsZWQiOnsiYnVja2V0Ijoib24iLCJ2ZXJzaW9uIjpudWxsfSwidGZ3X21peGVkX21lZGlhXzE1ODk3Ijp7ImJ1Y2tldCI6InRyZWF0bWVudCIsInZlcnNpb24iOm51bGx9LCJ0ZndfZXhwZXJpbWVudHNfY29va2llX2V4cGlyYXRpb24iOnsiYnVja2V0IjoxMjA5NjAwLCJ2ZXJzaW9uIjpudWxsfSwidGZ3X3Nob3dfYmlyZHdhdGNoX3Bpdm90c19lbmFibGVkIjp7ImJ1Y2tldCI6Im9uIiwidmVyc2lvbiI6bnVsbH0sInRmd19kdXBsaWNhdGVfc2NyaWJlc190b19zZXR0aW5ncyI6eyJidWNrZXQiOiJvbiIsInZlcnNpb24iOm51bGx9LCJ0ZndfdXNlX3Byb2ZpbGVfaW1hZ2Vfc2hhcGVfZW5hYmxlZCI6eyJidWNrZXQiOiJvbiIsInZlcnNpb24iOm51bGx9LCJ0ZndfdmlkZW9faGxzX2R5bmFtaWNfbWFuaWZlc3RzXzE1MDgyIjp7ImJ1Y2tldCI6InRydWVfYml0cmF0ZSIsInZlcnNpb24iOm51bGx9LCJ0ZndfbGVnYWN5X3RpbWVsaW5lX3N1bnNldCI6eyJidWNrZXQiOnRydWUsInZlcnNpb24iOm51bGx9LCJ0ZndfdHdlZXRfZWRpdF9mcm9udGVuZCI6eyJidWNrZXQiOiJvbiIsInZlcnNpb24iOm51bGx9fQ%3D%3D&amp;frame=false&amp;hideCard=false&amp;hideThread=false&amp;id=1945993880190533771&amp;lang=es&amp;origin=https%3A%2F%2Fwww.ambito.com%2Fambito-nacional%2Fguillermo-francos-y-los-gobernadores-se-veran-la-rural-pero-las-provincias-reclaman-una-convocatoria-oficial-n6168279&amp;sessionId=90b07c983adfeef7b38703c7160fbc56da145a81&amp;siteScreenName=Ambitocom&amp;theme=light&amp;widgetsVersion=2615f7e52b7e0%3A1702314776716&amp;width=550px\" frameborder=\"0\" scrolling=\"no\" allowfullscreen=\"allowfullscreen\" data-tweet-id=\"1945993880190533771\" data-mce-fragment=\"1\"><\/iframe><\/div>\n<\/div>\n<\/div>\n<\/div>\n<p>Por su parte, Nicol\u00e1s Pino destac\u00f3 que por primera vez se decidi\u00f3 invitar a los gobernadores para agasajarlos como expositores y participantes, ya que 16 provincias tienen stands en la muestra. \u00ab<strong>Nos pareci\u00f3 un momento y un espacio oportuno para juntarnos\u201d,<\/strong>\u00a0indic\u00f3 el titular de la SRA.<\/p>\n<p>El careo entre las partes tuvo lugar apenas una semana despu\u00e9s de que el Senado aprobara por amplia mayor\u00eda el proyecto de las 24 jurisdicciones para generar nuevos esquemas de redistribuci\u00f3n de los Aportes del Tesoro Nacional (ATN) y del impuesto a los combustibles l\u00edquidos.\u00a0<strong>Ahora, las iniciativas deber\u00e1n discutirse en Diputados. El Presidente ya anticip\u00f3 que, en caso de aprobarse, las vetar\u00e1.<\/strong><\/p>\n<p>A la ma\u00f1ana, al participar de la inauguraci\u00f3n de la muestra, Francos le baj\u00f3 el tono a la disputa y asegur\u00f3 a radio Rivadavia:\u00a0<strong>\u00abNo estamos en guerra con los gobernadores\u00bb.\u00a0<\/strong>No obstante, afirm\u00f3 que<strong>\u00a0\u201csiempre intentamos acercarnos, ellos se alejan un poco a veces, priman las circunstancias pol\u00edticas\u201d. P<\/strong>recis\u00f3, a la vez, que su intenci\u00f3n es \u201cacordar demandas de los gobernadores con situaciones que tiene el gobierno central\u201d.<\/p>\n<p>ambito.com<\/p>\n<\/article>\n<\/article>\n","protected":false},"excerpt":{"rendered":"<p>En plenos tironeos por fondos, el jefe de Gabinete\u00a0Guillermo Francos\u00a0y un grupo de gobernadores tuvieron un careo este jueves en<\/p>\n","protected":false},"author":1,"featured_media":25143,"comment_status":"closed","ping_status":"closed","sticky":false,"template":"","format":"standard","meta":{"footnotes":"","jetpack_publicize_message":"","jetpack_publicize_feature_enabled":true,"jetpack_social_post_already_shared":true,"jetpack_social_options":{"image_generator_settings":{"template":"highway","enabled":false},"version":2}},"categories":[12],"tags":[],"class_list":["post-25142","post","type-post","status-publish","format-standard","has-post-thumbnail","hentry","category-politica"],"jetpack_publicize_connections":[],"_links":{"self":[{"href":"https:\/\/diariorepublica.com.ar\/web\/index.php\/wp-json\/wp\/v2\/posts\/25142"}],"collection":[{"href":"https:\/\/diariorepublica.com.ar\/web\/index.php\/wp-json\/wp\/v2\/posts"}],"about":[{"href":"https:\/\/diariorepublica.com.ar\/web\/index.php\/wp-json\/wp\/v2\/types\/post"}],"author":[{"embeddable":true,"href":"https:\/\/diariorepublica.com.ar\/web\/index.php\/wp-json\/wp\/v2\/users\/1"}],"replies":[{"embeddable":true,"href":"https:\/\/diariorepublica.com.ar\/web\/index.php\/wp-json\/wp\/v2\/comments?post=25142"}],"version-history":[{"count":1,"href":"https:\/\/diariorepublica.com.ar\/web\/index.php\/wp-json\/wp\/v2\/posts\/25142\/revisions"}],"predecessor-version":[{"id":25144,"href":"https:\/\/diariorepublica.com.ar\/web\/index.php\/wp-json\/wp\/v2\/posts\/25142\/revisions\/25144"}],"wp:featuredmedia":[{"embeddable":true,"href":"https:\/\/diariorepublica.com.ar\/web\/index.php\/wp-json\/wp\/v2\/media\/25143"}],"wp:attachment":[{"href":"https:\/\/diariorepublica.com.ar\/web\/index.php\/wp-json\/wp\/v2\/media?parent=25142"}],"wp:term":[{"taxonomy":"category","embeddable":true,"href":"https:\/\/diariorepublica.com.ar\/web\/index.php\/wp-json\/wp\/v2\/categories?post=25142"},{"taxonomy":"post_tag","embeddable":true,"href":"https:\/\/diariorepublica.com.ar\/web\/index.php\/wp-json\/wp\/v2\/tags?post=25142"}],"curies":[{"name":"wp","href":"https:\/\/api.w.org\/{rel}","templated":true}]}}