{"id":25145,"date":"2025-07-18T00:26:00","date_gmt":"2025-07-18T03:26:00","guid":{"rendered":"https:\/\/diariorepublica.com.ar\/web\/?p=25145"},"modified":"2025-07-18T08:27:29","modified_gmt":"2025-07-18T11:27:29","slug":"el-gobierno-anuncio-que-apelara-la-suspension-del-decreto-que-cierra-vialidad-nacional","status":"publish","type":"post","link":"https:\/\/diariorepublica.com.ar\/web\/index.php\/politica\/2025\/07\/18\/el-gobierno-anuncio-que-apelara-la-suspension-del-decreto-que-cierra-vialidad-nacional\/","title":{"rendered":"El Gobierno anunci\u00f3 que apelar\u00e1 la suspensi\u00f3n del decreto que cierra Vialidad Nacional"},"content":{"rendered":"<p>El Gobierno nacional confirm\u00f3 este jueves por la tarde que apelar\u00e1 la decisi\u00f3n judicial que suspendi\u00f3 el decreto presidencial que ordenaba la disoluci\u00f3n de la Direcci\u00f3n Nacional de Vialidad.<\/p>\n<p>La medida fue comunicada a trav\u00e9s del vocero presidencial, Manuel Adorni, quien expres\u00f3 en sus redes sociales: \u201cEl Gobierno apelar\u00e1 la suspensi\u00f3n del decreto que determina la disoluci\u00f3n de Vialidad Nacional\u201d.<\/p>\n<article class=\"article-body article-body--third-paragraph content-protected-false\">La suspensi\u00f3n fue dispuesta por el Juzgado Federal en lo Civil, Comercial y Contencioso Administrativo N\u00ba2, que hizo lugar a una medida cautelar presentada por el Sindicato de Empleados de Vialidad Nacional (SEVINA). La acci\u00f3n sindical cuestiona la legalidad del cierre del organismo y su impacto sobre los trabajadores del sector.<\/p>\n<\/article>\n<article class=\"article-body article-body--fourth-paragraph content-protected-false\">\n<div id=\"embed4827_wrap\" class=\"embed_cont type_freetext\" contenteditable=\"false\" data-provider=\"Twitter\">\n<div id=\"embed4827_content\" class=\"embed_content\">\n<div id=\"embed4827_embed\">\n<div class=\"twitter-tweet twitter-tweet-rendered\"><iframe id=\"twitter-widget-0\" class=\"\" title=\"X Post\" src=\"https:\/\/platform.twitter.com\/embed\/Tweet.html?creatorScreenName=Ambitocom&amp;dnt=false&amp;embedId=twitter-widget-0&amp;features=eyJ0ZndfdGltZWxpbmVfbGlzdCI6eyJidWNrZXQiOltdLCJ2ZXJzaW9uIjpudWxsfSwidGZ3X2ZvbGxvd2VyX2NvdW50X3N1bnNldCI6eyJidWNrZXQiOnRydWUsInZlcnNpb24iOm51bGx9LCJ0ZndfdHdlZXRfZWRpdF9iYWNrZW5kIjp7ImJ1Y2tldCI6Im9uIiwidmVyc2lvbiI6bnVsbH0sInRmd19yZWZzcmNfc2Vzc2lvbiI6eyJidWNrZXQiOiJvbiIsInZlcnNpb24iOm51bGx9LCJ0ZndfZm9zbnJfc29mdF9pbnRlcnZlbnRpb25zX2VuYWJsZWQiOnsiYnVja2V0Ijoib24iLCJ2ZXJzaW9uIjpudWxsfSwidGZ3X21peGVkX21lZGlhXzE1ODk3Ijp7ImJ1Y2tldCI6InRyZWF0bWVudCIsInZlcnNpb24iOm51bGx9LCJ0ZndfZXhwZXJpbWVudHNfY29va2llX2V4cGlyYXRpb24iOnsiYnVja2V0IjoxMjA5NjAwLCJ2ZXJzaW9uIjpudWxsfSwidGZ3X3Nob3dfYmlyZHdhdGNoX3Bpdm90c19lbmFibGVkIjp7ImJ1Y2tldCI6Im9uIiwidmVyc2lvbiI6bnVsbH0sInRmd19kdXBsaWNhdGVfc2NyaWJlc190b19zZXR0aW5ncyI6eyJidWNrZXQiOiJvbiIsInZlcnNpb24iOm51bGx9LCJ0ZndfdXNlX3Byb2ZpbGVfaW1hZ2Vfc2hhcGVfZW5hYmxlZCI6eyJidWNrZXQiOiJvbiIsInZlcnNpb24iOm51bGx9LCJ0ZndfdmlkZW9faGxzX2R5bmFtaWNfbWFuaWZlc3RzXzE1MDgyIjp7ImJ1Y2tldCI6InRydWVfYml0cmF0ZSIsInZlcnNpb24iOm51bGx9LCJ0ZndfbGVnYWN5X3RpbWVsaW5lX3N1bnNldCI6eyJidWNrZXQiOnRydWUsInZlcnNpb24iOm51bGx9LCJ0ZndfdHdlZXRfZWRpdF9mcm9udGVuZCI6eyJidWNrZXQiOiJvbiIsInZlcnNpb24iOm51bGx9fQ%3D%3D&amp;frame=false&amp;hideCard=false&amp;hideThread=false&amp;id=1945938768956928291&amp;lang=es&amp;origin=https%3A%2F%2Fwww.ambito.com%2Fpolitica%2Fel-gobierno-anuncio-que-apelara-la-suspension-del-decreto-que-cierra-vialidad-nacional-n6168399&amp;sessionId=8d0328909d1457c88c5571ce1b335abd7f32c9d6&amp;siteScreenName=Ambitocom&amp;theme=light&amp;widgetsVersion=2615f7e52b7e0%3A1702314776716&amp;width=550px\" frameborder=\"0\" scrolling=\"no\" allowfullscreen=\"allowfullscreen\" data-tweet-id=\"1945938768956928291\" data-mce-fragment=\"1\"><\/iframe><\/div>\n<\/div>\n<\/div>\n<\/div>\n<p>El pasado 8 de julio, el Gobierno avanz\u00f3 con la disoluci\u00f3n del organismo, la eliminaci\u00f3n de la\u00a0<strong>Agencia de Seguridad Vial\u00a0<\/strong>y la concesi\u00f3n de 9.120 kil\u00f3metros de rutas. Para justificar los cambios, Adorni se refiri\u00f3 a la\u00a0<strong>causa Vialidad<\/strong>\u00a0por la que fue condenada la expresidenta\u00a0<strong>Cristina Fern\u00e1ndez de Kirchner<\/strong>, donde, seg\u00fan dijo, la Justicia hall\u00f3 \u00abmaniobras fraudulentas\u00bb mediante la \u00abadjudicaci\u00f3n de contratos p\u00fablicos ama\u00f1ados, la ejecuci\u00f3n anticipada de adelanto financieros millonarios sin justificaci\u00f3n, el abandono de obras sin penalizaci\u00f3n y las ampliaciones injustificadas de plazos\u00bb.\u00a0<strong>\u00abNo se construyeron las rutas y la plata se la quedaba igual\u00bb, denunci\u00f3 Adorni.<\/strong><\/p>\n<\/article>\n<article class=\"article-body article-body--remaining-paragraph content-protected-false\">\u00abLa disoluci\u00f3n de este organismo generar\u00e1 un\u00a0<strong>ahorro anual estimado para el Estado Nacional de 100 millones de d\u00f3lares<\/strong>, y sus funciones ser\u00e1n asumidas entre la nueva Agencia de Control de Concesiones y Servicios P\u00fablicos de Transporte y dos unidades organizativas dentro del Ministerio de Econom\u00eda, una en la \u00f3rbita de la Secretar\u00eda de Transporte y otra en la Secretar\u00eda de Obras P\u00fablicas\u00bb, afirmaron.<\/p>\n<\/article>\n","protected":false},"excerpt":{"rendered":"<p>El Gobierno nacional confirm\u00f3 este jueves por la tarde que apelar\u00e1 la decisi\u00f3n judicial que suspendi\u00f3 el decreto presidencial que<\/p>\n","protected":false},"author":1,"featured_media":25146,"comment_status":"closed","ping_status":"closed","sticky":false,"template":"","format":"standard","meta":{"footnotes":"","jetpack_publicize_message":"","jetpack_publicize_feature_enabled":true,"jetpack_social_post_already_shared":true,"jetpack_social_options":{"image_generator_settings":{"template":"highway","enabled":false},"version":2}},"categories":[12],"tags":[],"class_list":["post-25145","post","type-post","status-publish","format-standard","has-post-thumbnail","hentry","category-politica"],"jetpack_publicize_connections":[],"_links":{"self":[{"href":"https:\/\/diariorepublica.com.ar\/web\/index.php\/wp-json\/wp\/v2\/posts\/25145"}],"collection":[{"href":"https:\/\/diariorepublica.com.ar\/web\/index.php\/wp-json\/wp\/v2\/posts"}],"about":[{"href":"https:\/\/diariorepublica.com.ar\/web\/index.php\/wp-json\/wp\/v2\/types\/post"}],"author":[{"embeddable":true,"href":"https:\/\/diariorepublica.com.ar\/web\/index.php\/wp-json\/wp\/v2\/users\/1"}],"replies":[{"embeddable":true,"href":"https:\/\/diariorepublica.com.ar\/web\/index.php\/wp-json\/wp\/v2\/comments?post=25145"}],"version-history":[{"count":1,"href":"https:\/\/diariorepublica.com.ar\/web\/index.php\/wp-json\/wp\/v2\/posts\/25145\/revisions"}],"predecessor-version":[{"id":25147,"href":"https:\/\/diariorepublica.com.ar\/web\/index.php\/wp-json\/wp\/v2\/posts\/25145\/revisions\/25147"}],"wp:featuredmedia":[{"embeddable":true,"href":"https:\/\/diariorepublica.com.ar\/web\/index.php\/wp-json\/wp\/v2\/media\/25146"}],"wp:attachment":[{"href":"https:\/\/diariorepublica.com.ar\/web\/index.php\/wp-json\/wp\/v2\/media?parent=25145"}],"wp:term":[{"taxonomy":"category","embeddable":true,"href":"https:\/\/diariorepublica.com.ar\/web\/index.php\/wp-json\/wp\/v2\/categories?post=25145"},{"taxonomy":"post_tag","embeddable":true,"href":"https:\/\/diariorepublica.com.ar\/web\/index.php\/wp-json\/wp\/v2\/tags?post=25145"}],"curies":[{"name":"wp","href":"https:\/\/api.w.org\/{rel}","templated":true}]}}