{"id":25148,"date":"2025-07-18T07:37:00","date_gmt":"2025-07-18T10:37:00","guid":{"rendered":"https:\/\/diariorepublica.com.ar\/web\/?p=25148"},"modified":"2025-07-18T08:29:39","modified_gmt":"2025-07-18T11:29:39","slug":"paritarias-se-elevo-el-salario-minimo-de-las-fuerzas-de-seguridad-a-810-000","status":"publish","type":"post","link":"https:\/\/diariorepublica.com.ar\/web\/index.php\/locales\/2025\/07\/18\/paritarias-se-elevo-el-salario-minimo-de-las-fuerzas-de-seguridad-a-810-000\/","title":{"rendered":"Paritarias: se elev\u00f3 el salario m\u00ednimo de las fuerzas de seguridad a $810.000"},"content":{"rendered":"<p>El Gobierno provincial confirm\u00f3 un incremento salarial para todos los integrantes de las fuerzas de seguridad de la provincia, que incluye, adem\u00e1s, un bono extraordinario.<\/p>\n<p>Uno de los puntos de la actualizaci\u00f3n salarial establece incrementar el valor del punto \u00edndice del personal del escalaf\u00f3n seguridad en un 3% a partir de la liquidaci\u00f3n de haberes correspondiente al mes de julio 2025 con base en junio 2025.<\/p>\n<p>Tambi\u00e9n se inici\u00f3 un proceso de revisi\u00f3n de la tabla utilizada para la liquidaci\u00f3n de haberes del personal de seguridad, atendiendo a un reclamo sostenido de la fuerza y en el marco de los criterios de ordenamiento y jerarquizaci\u00f3n institucional<\/p>\n<p>Por otra parte,\u00a0se eleva el salario m\u00ednimo neto ley garantizado al personal del Escalaf\u00f3n Seguridad a la suma de $810.000 a partir de la liquidaci\u00f3n de haberes correspondiente a julio de 2025 y a $830.000 a partir de la liquidaci\u00f3n de haberes correspondiente a septiembre.<\/p>\n<p>En lo que respecta a la bonificaci\u00f3n, se abonar\u00e1 una suma extraordinaria de $80.000 (no remunerativa y por \u00fanica vez) el pr\u00f3ximo martes 22 de julio en reconocimiento a las tareas que prestar\u00e1n los agentes y efectivos policiales en la Fiesta Nacional e Internacional del Poncho.<\/p>\n<p>A partir del mes de septiembre, el punto \u00edndice se actualizar\u00e1 por el \u00cdndice de Precios al Consumidor Nivel General (IPC) publicado por INDEC, de forma bimestral y acumulativo, de la siguiente forma:<\/p>\n<p>-Septiembre se actualizar\u00e1 con el producto de los \u00edndices IPC correspondientes a los meses de julio y agosto de 2025.<\/p>\n<p>-Noviembre se actualizar\u00e1 con el producto de los \u00edndices IPC correspondientes a los meses de septiembre y octubre de 2025.<\/p>\n<p>-Enero 2026 se actualizar\u00e1 con el producto de los \u00edndices IPC correspondientes a los meses de noviembre y diciembre de 2025.<\/p>\n<p>A partir de un pedido espec\u00edfico y un trabajo conjunto, se decidi\u00f3 adecuar un adicional particular en el personal en actividad, cuyo impacto se extiende de manera directa al haber de los efectivos retirados<\/p>\n<p>De esta manera, en el marco del di\u00e1logo paritario con los distintos sectores, el Gobierno provincial logr\u00f3 cerrar acuerdos de mejoras salariales para los trabajadores p\u00fablicos que forman parte de ATE, UPCN, ATSA y Sindicato del Personal de Vialidad Provincial de Catamarca (SPVPC). La pr\u00f3xima semana, resta una nueva reuni\u00f3n con la Intersindical Docente donde se buscar\u00e1 llegar a un acuerdo en beneficio de los docentes de toda la provincia.<\/p>\n","protected":false},"excerpt":{"rendered":"<p>El Gobierno provincial confirm\u00f3 un incremento salarial para todos los integrantes de las fuerzas de seguridad de la provincia, que<\/p>\n","protected":false},"author":1,"featured_media":25149,"comment_status":"closed","ping_status":"closed","sticky":false,"template":"","format":"standard","meta":{"footnotes":"","jetpack_publicize_message":"","jetpack_publicize_feature_enabled":true,"jetpack_social_post_already_shared":true,"jetpack_social_options":{"image_generator_settings":{"template":"highway","enabled":false},"version":2}},"categories":[2],"tags":[],"class_list":["post-25148","post","type-post","status-publish","format-standard","has-post-thumbnail","hentry","category-locales"],"jetpack_publicize_connections":[],"_links":{"self":[{"href":"https:\/\/diariorepublica.com.ar\/web\/index.php\/wp-json\/wp\/v2\/posts\/25148"}],"collection":[{"href":"https:\/\/diariorepublica.com.ar\/web\/index.php\/wp-json\/wp\/v2\/posts"}],"about":[{"href":"https:\/\/diariorepublica.com.ar\/web\/index.php\/wp-json\/wp\/v2\/types\/post"}],"author":[{"embeddable":true,"href":"https:\/\/diariorepublica.com.ar\/web\/index.php\/wp-json\/wp\/v2\/users\/1"}],"replies":[{"embeddable":true,"href":"https:\/\/diariorepublica.com.ar\/web\/index.php\/wp-json\/wp\/v2\/comments?post=25148"}],"version-history":[{"count":1,"href":"https:\/\/diariorepublica.com.ar\/web\/index.php\/wp-json\/wp\/v2\/posts\/25148\/revisions"}],"predecessor-version":[{"id":25150,"href":"https:\/\/diariorepublica.com.ar\/web\/index.php\/wp-json\/wp\/v2\/posts\/25148\/revisions\/25150"}],"wp:featuredmedia":[{"embeddable":true,"href":"https:\/\/diariorepublica.com.ar\/web\/index.php\/wp-json\/wp\/v2\/media\/25149"}],"wp:attachment":[{"href":"https:\/\/diariorepublica.com.ar\/web\/index.php\/wp-json\/wp\/v2\/media?parent=25148"}],"wp:term":[{"taxonomy":"category","embeddable":true,"href":"https:\/\/diariorepublica.com.ar\/web\/index.php\/wp-json\/wp\/v2\/categories?post=25148"},{"taxonomy":"post_tag","embeddable":true,"href":"https:\/\/diariorepublica.com.ar\/web\/index.php\/wp-json\/wp\/v2\/tags?post=25148"}],"curies":[{"name":"wp","href":"https:\/\/api.w.org\/{rel}","templated":true}]}}