{"id":25165,"date":"2025-07-18T10:20:00","date_gmt":"2025-07-18T13:20:00","guid":{"rendered":"https:\/\/diariorepublica.com.ar\/web\/?p=25165"},"modified":"2025-07-18T11:02:06","modified_gmt":"2025-07-18T14:02:06","slug":"villarruel-llego-a-catamarca","status":"publish","type":"post","link":"https:\/\/diariorepublica.com.ar\/web\/index.php\/locales\/2025\/07\/18\/villarruel-llego-a-catamarca\/","title":{"rendered":"Villarruel lleg\u00f3 a Catamarca"},"content":{"rendered":"<p><strong>La vicepresidenta de la Naci\u00f3n, Victoria Villarruel,<\/strong>\u00a0arrib\u00f3 este viernes a Catamarca para\u00a0<strong>participar del acto de apertura de la 54\u00b0 Fiesta Nacional e Internacional del Poncho,<\/strong>\u00a0la celebraci\u00f3n cultural m\u00e1s importante de la provincia y una de las m\u00e1s convocantes del invierno argentino.<\/p>\n<p>Ma\u00f1ana, la Vicepresidenta ir\u00e1 a\u00a0<strong>Bel\u00e9n<\/strong>\u00a0al Festival Cuna del Poncho mientras que se prev\u00e9 que el domingo visite el departamento Andalgal\u00e1.<\/p>\n<p>La ceremonia se desarrollar\u00e1 a las 11 en el Escenario Mayor del Predio Ferial Catamarca, con entrada libre y gratuita. Tambi\u00e9n participar\u00e1n el gobernador Ra\u00fal Jalil, la ministra de Cultura, Turismo y Deporte, Daiana Rold\u00e1n, y otras autoridades provinciales. Luego del acto protocolar, se realizar\u00e1 una recorrida por los pabellones de la muestra artesanal.<\/p>\n<p>El evento inaugural contar\u00e1 con el espect\u00e1culo \u00abRa\u00edz sagrada\u00bb, protagonizado por m\u00e1s de 50 bailarines y una banda integrada por m\u00fasicos catamarque\u00f1os, que dar\u00e1 inicio a diez d\u00edas de actividades culturales, art\u00edsticas y tur\u00edsticas.<\/p>\n<p><strong>Operativo de seguridad y tr\u00e1nsito<\/strong><\/p>\n<p>La Polic\u00eda de Catamarca dispuso un operativo especial de seguridad para esta jornada. Desde horas de la ma\u00f1ana se realizan cortes de tr\u00e1nsito en las rotondas de avenida Fiesta del Poncho con avenida Autonom\u00eda, y en la intersecci\u00f3n con Padre Santiago Sonzini.<\/p>\n","protected":false},"excerpt":{"rendered":"<p>La vicepresidenta de la Naci\u00f3n, Victoria Villarruel,\u00a0arrib\u00f3 este viernes a Catamarca para\u00a0participar del acto de apertura de la 54\u00b0 Fiesta<\/p>\n","protected":false},"author":1,"featured_media":25166,"comment_status":"closed","ping_status":"closed","sticky":false,"template":"","format":"standard","meta":{"footnotes":"","jetpack_publicize_message":"","jetpack_publicize_feature_enabled":true,"jetpack_social_post_already_shared":true,"jetpack_social_options":{"image_generator_settings":{"template":"highway","enabled":false},"version":2}},"categories":[2],"tags":[],"class_list":["post-25165","post","type-post","status-publish","format-standard","has-post-thumbnail","hentry","category-locales"],"jetpack_publicize_connections":[],"_links":{"self":[{"href":"https:\/\/diariorepublica.com.ar\/web\/index.php\/wp-json\/wp\/v2\/posts\/25165"}],"collection":[{"href":"https:\/\/diariorepublica.com.ar\/web\/index.php\/wp-json\/wp\/v2\/posts"}],"about":[{"href":"https:\/\/diariorepublica.com.ar\/web\/index.php\/wp-json\/wp\/v2\/types\/post"}],"author":[{"embeddable":true,"href":"https:\/\/diariorepublica.com.ar\/web\/index.php\/wp-json\/wp\/v2\/users\/1"}],"replies":[{"embeddable":true,"href":"https:\/\/diariorepublica.com.ar\/web\/index.php\/wp-json\/wp\/v2\/comments?post=25165"}],"version-history":[{"count":1,"href":"https:\/\/diariorepublica.com.ar\/web\/index.php\/wp-json\/wp\/v2\/posts\/25165\/revisions"}],"predecessor-version":[{"id":25167,"href":"https:\/\/diariorepublica.com.ar\/web\/index.php\/wp-json\/wp\/v2\/posts\/25165\/revisions\/25167"}],"wp:featuredmedia":[{"embeddable":true,"href":"https:\/\/diariorepublica.com.ar\/web\/index.php\/wp-json\/wp\/v2\/media\/25166"}],"wp:attachment":[{"href":"https:\/\/diariorepublica.com.ar\/web\/index.php\/wp-json\/wp\/v2\/media?parent=25165"}],"wp:term":[{"taxonomy":"category","embeddable":true,"href":"https:\/\/diariorepublica.com.ar\/web\/index.php\/wp-json\/wp\/v2\/categories?post=25165"},{"taxonomy":"post_tag","embeddable":true,"href":"https:\/\/diariorepublica.com.ar\/web\/index.php\/wp-json\/wp\/v2\/tags?post=25165"}],"curies":[{"name":"wp","href":"https:\/\/api.w.org\/{rel}","templated":true}]}}