{"id":25193,"date":"2025-07-19T17:26:00","date_gmt":"2025-07-19T20:26:00","guid":{"rendered":"https:\/\/diariorepublica.com.ar\/web\/?p=25193"},"modified":"2025-07-19T20:27:26","modified_gmt":"2025-07-19T23:27:26","slug":"neba-planifica-ampliar-su-produccion-con-apoyo-de-la-provincia-y-el-consejo-federal-de-inversiones","status":"publish","type":"post","link":"https:\/\/diariorepublica.com.ar\/web\/index.php\/locales\/2025\/07\/19\/neba-planifica-ampliar-su-produccion-con-apoyo-de-la-provincia-y-el-consejo-federal-de-inversiones\/","title":{"rendered":"NEBA planifica ampliar su producci\u00f3n con apoyo de la Provincia y el Consejo Federal de Inversiones"},"content":{"rendered":"<p>En el marco de la visita del secretario general del CFI, Ignacio Lamothe, a la provincia, recorri\u00f3 junto al gobernador Ra\u00fal Jalil las instalaciones de la f\u00e1brica NEBA en el Parque Industrial El Pantanillo, donde se proyecta instalar una nueva l\u00ednea de ensamble de cocinas. Esta ampliaci\u00f3n en la producci\u00f3n se da gracias a un cr\u00e9dito del Banco Naci\u00f3n, que cuenta con la garant\u00eda del CFI.<\/p>\n<p>Lamothe destac\u00f3 la relevancia de este paso al afirmar que \u201cpara nosotros es muy importante la garant\u00eda que otorg\u00f3 el CFI para poder monetizar, v\u00eda Banco Naci\u00f3n, un proyecto de ampliaci\u00f3n de esta planta para empezar a hacer cocinas, producci\u00f3n nacional para el mercado nacional\u201d.<\/p>\n<p>Adem\u00e1s, subray\u00f3 que \u201ces la primera garant\u00eda que da el Consejo Federal de Inversiones en Catamarca, despu\u00e9s de que hayamos presentado junto a FOGACAT los fondos de garant\u00eda del CFI y el fondo de garant\u00eda de Catamarca, por lo cual estamos muy contentos de dar este primer paso\u201d.<\/p>\n<p>Por su parte, el CEO de NEBA, Pablo Libson, anticip\u00f3 que la nueva l\u00ednea de trabajo estar\u00eda en condiciones de ser inaugurada entre abril y mayo del pr\u00f3ximo a\u00f1o y agradeci\u00f3 el apoyo de las autoridades provinciales y nacionales para seguir desarroll\u00e1ndose.<\/p>\n<p>Actualmente, la empresa emplea a m\u00e1s de 130 personas en la f\u00e1brica de El Pantanillo y produce unas 200 unidades diarias de heladeras y freezers que son comercializadas en todo el pa\u00eds.<\/p>\n","protected":false},"excerpt":{"rendered":"<p>En el marco de la visita del secretario general del CFI, Ignacio Lamothe, a la provincia, recorri\u00f3 junto al gobernador<\/p>\n","protected":false},"author":1,"featured_media":25194,"comment_status":"closed","ping_status":"closed","sticky":false,"template":"","format":"standard","meta":{"footnotes":"","jetpack_publicize_message":"","jetpack_publicize_feature_enabled":true,"jetpack_social_post_already_shared":true,"jetpack_social_options":{"image_generator_settings":{"template":"highway","enabled":false},"version":2}},"categories":[2],"tags":[],"class_list":["post-25193","post","type-post","status-publish","format-standard","has-post-thumbnail","hentry","category-locales"],"jetpack_publicize_connections":[],"_links":{"self":[{"href":"https:\/\/diariorepublica.com.ar\/web\/index.php\/wp-json\/wp\/v2\/posts\/25193"}],"collection":[{"href":"https:\/\/diariorepublica.com.ar\/web\/index.php\/wp-json\/wp\/v2\/posts"}],"about":[{"href":"https:\/\/diariorepublica.com.ar\/web\/index.php\/wp-json\/wp\/v2\/types\/post"}],"author":[{"embeddable":true,"href":"https:\/\/diariorepublica.com.ar\/web\/index.php\/wp-json\/wp\/v2\/users\/1"}],"replies":[{"embeddable":true,"href":"https:\/\/diariorepublica.com.ar\/web\/index.php\/wp-json\/wp\/v2\/comments?post=25193"}],"version-history":[{"count":1,"href":"https:\/\/diariorepublica.com.ar\/web\/index.php\/wp-json\/wp\/v2\/posts\/25193\/revisions"}],"predecessor-version":[{"id":25195,"href":"https:\/\/diariorepublica.com.ar\/web\/index.php\/wp-json\/wp\/v2\/posts\/25193\/revisions\/25195"}],"wp:featuredmedia":[{"embeddable":true,"href":"https:\/\/diariorepublica.com.ar\/web\/index.php\/wp-json\/wp\/v2\/media\/25194"}],"wp:attachment":[{"href":"https:\/\/diariorepublica.com.ar\/web\/index.php\/wp-json\/wp\/v2\/media?parent=25193"}],"wp:term":[{"taxonomy":"category","embeddable":true,"href":"https:\/\/diariorepublica.com.ar\/web\/index.php\/wp-json\/wp\/v2\/categories?post=25193"},{"taxonomy":"post_tag","embeddable":true,"href":"https:\/\/diariorepublica.com.ar\/web\/index.php\/wp-json\/wp\/v2\/tags?post=25193"}],"curies":[{"name":"wp","href":"https:\/\/api.w.org\/{rel}","templated":true}]}}