{"id":25238,"date":"2025-07-22T10:44:00","date_gmt":"2025-07-22T13:44:00","guid":{"rendered":"https:\/\/diariorepublica.com.ar\/web\/?p=25238"},"modified":"2025-07-22T11:47:09","modified_gmt":"2025-07-22T14:47:09","slug":"el-estado-de-salud-de-bruce-willis-se-deteriora-y-ya-no-puede-hablar-leer-ni-caminar","status":"publish","type":"post","link":"https:\/\/diariorepublica.com.ar\/web\/index.php\/espectaculos\/2025\/07\/22\/el-estado-de-salud-de-bruce-willis-se-deteriora-y-ya-no-puede-hablar-leer-ni-caminar\/","title":{"rendered":"El estado de salud de Bruce Willis se deteriora y ya no puede hablar, leer ni caminar"},"content":{"rendered":"<p class=\"article-body__paragraph\">Bruce Willis, diagnosticado con demencia frontotemporal (FTD)\u00a0en febrero del 2023, est\u00e1\u00a0<b>luchando por su vida<\/b>\u00a0y enfrenta su batalla m\u00e1s dif\u00edcil lejos, muy lejos, de los guiones. El protagonista de \u201cDuro de matar\u201d est\u00e1 sumergido en un<b>\u00a0deterioro de salud<\/b>\u00a0que avanza y de a poco le quita las herramientas m\u00e1s b\u00e1sicas, como<b>\u00a0la comunicaci\u00f3n y la conexi\u00f3n con su entorno.<\/b><\/p>\n<p class=\"article-body__paragraph\">En el \u00faltimo tiempo, testimonios de su c\u00edrculo m\u00e1s \u00edntimo, como el de\u00a0<b>Glenn Gordon Caron<\/b>, creador de la serie \u201cMoonlighting\u201d que llev\u00f3 al actor al estrellato, revel\u00f3 que Bruce\u00a0<b>\u201cya no es totalmente verbal\u201d,<\/b>\u00a0haciendo referencia a que perdi\u00f3 la capacidad de mantener cualquier tipo de conversaci\u00f3n fluida. El\u00a0<b>estado f\u00edsico\u00a0<\/b>del actor tambi\u00e9n se ve afectado, ya que sufre dificultades motoras que le complican\u00a0<b>el simple acto de caminar.<\/b><\/p>\n<p class=\"article-body__paragraph\">Adem\u00e1s, seg\u00fan trascendi\u00f3, Willis\u00a0<b>ya no puede leer ni escribir<\/b>. El actor perdi\u00f3 uno de sus mayores placeres,\u00a0<b>la lectura<\/b>, que hoy qued\u00f3 completamente fuera de su vida. A pesar de todo, cuenta con el\u00a0<b>apoyo incondicional de su esposa, Emma Heming<\/b>, quien siempre se mantuvo a su lado, y el de toda su familia.<\/p>\n<p>En uno de los \u00faltimos posteos de Instagram,\u00a0Emma habl\u00f3 sobre la enfermedad de Bruce: \u201cPara ser justa conmigo misma, estos d\u00edas simb\u00f3licos revuelven mucho. Hoy estoy\u00a0<b>profundamente triste.\u00a0<\/b>Deseo, con cada c\u00e9lula de mi cuerpo, que las cosas\u00a0<b>pudieran ser diferentes para \u00e9l\u00a0<\/b>y m\u00e1s ligeras para nuestra familia\u201d, escribi\u00f3 para el D\u00eda del Padre.<\/p>\n<p>Sin embargo, Heming tambi\u00e9n eligi\u00f3 transmitir un mensaje de aceptaci\u00f3n sobre la enfermedad que padece su esposo: \u201cEs lo que hay. Y aunque pueda sonar despectivo, para m\u00ed no lo es. Me ayuda.\u00a0<b>Me ayuda a volver a la aceptaci\u00f3n de lo que es y no luchar contra esto<\/b>\u00a0a cada paso del camino como sol\u00eda hacerlo\u201d.<\/p>\n","protected":false},"excerpt":{"rendered":"<p>Bruce Willis, diagnosticado con demencia frontotemporal (FTD)\u00a0en febrero del 2023, est\u00e1\u00a0luchando por su vida\u00a0y enfrenta su batalla m\u00e1s dif\u00edcil lejos,<\/p>\n","protected":false},"author":1,"featured_media":25239,"comment_status":"closed","ping_status":"closed","sticky":false,"template":"","format":"standard","meta":{"footnotes":"","jetpack_publicize_message":"","jetpack_publicize_feature_enabled":true,"jetpack_social_post_already_shared":true,"jetpack_social_options":{"image_generator_settings":{"template":"highway","enabled":false},"version":2}},"categories":[7],"tags":[],"class_list":["post-25238","post","type-post","status-publish","format-standard","has-post-thumbnail","hentry","category-espectaculos"],"jetpack_publicize_connections":[],"_links":{"self":[{"href":"https:\/\/diariorepublica.com.ar\/web\/index.php\/wp-json\/wp\/v2\/posts\/25238"}],"collection":[{"href":"https:\/\/diariorepublica.com.ar\/web\/index.php\/wp-json\/wp\/v2\/posts"}],"about":[{"href":"https:\/\/diariorepublica.com.ar\/web\/index.php\/wp-json\/wp\/v2\/types\/post"}],"author":[{"embeddable":true,"href":"https:\/\/diariorepublica.com.ar\/web\/index.php\/wp-json\/wp\/v2\/users\/1"}],"replies":[{"embeddable":true,"href":"https:\/\/diariorepublica.com.ar\/web\/index.php\/wp-json\/wp\/v2\/comments?post=25238"}],"version-history":[{"count":1,"href":"https:\/\/diariorepublica.com.ar\/web\/index.php\/wp-json\/wp\/v2\/posts\/25238\/revisions"}],"predecessor-version":[{"id":25240,"href":"https:\/\/diariorepublica.com.ar\/web\/index.php\/wp-json\/wp\/v2\/posts\/25238\/revisions\/25240"}],"wp:featuredmedia":[{"embeddable":true,"href":"https:\/\/diariorepublica.com.ar\/web\/index.php\/wp-json\/wp\/v2\/media\/25239"}],"wp:attachment":[{"href":"https:\/\/diariorepublica.com.ar\/web\/index.php\/wp-json\/wp\/v2\/media?parent=25238"}],"wp:term":[{"taxonomy":"category","embeddable":true,"href":"https:\/\/diariorepublica.com.ar\/web\/index.php\/wp-json\/wp\/v2\/categories?post=25238"},{"taxonomy":"post_tag","embeddable":true,"href":"https:\/\/diariorepublica.com.ar\/web\/index.php\/wp-json\/wp\/v2\/tags?post=25238"}],"curies":[{"name":"wp","href":"https:\/\/api.w.org\/{rel}","templated":true}]}}