{"id":2525,"date":"2023-05-08T08:23:58","date_gmt":"2023-05-08T11:23:58","guid":{"rendered":"https:\/\/diariorepublica.com.ar\/web\/?p=2525"},"modified":"2023-05-08T08:23:59","modified_gmt":"2023-05-08T11:23:59","slug":"fuerte-apoyo-a-la-candidatura-a-gobernador-de-flavio-fama","status":"publish","type":"post","link":"https:\/\/diariorepublica.com.ar\/web\/index.php\/politica\/2023\/05\/08\/fuerte-apoyo-a-la-candidatura-a-gobernador-de-flavio-fama\/","title":{"rendered":"Fuerte apoyo a la candidatura a gobernador de Flavio Fama"},"content":{"rendered":"\n<p><\/p>\n\n\n<p>Con la presencia de m\u00e1s de 150 militantes y referentes de toda la provincia, se llev\u00f3 a cabo en Valle Viejo el Plenario Provincial de la l\u00ednea Ra\u00fal Alfons\u00edn. Hubo fuertes cr\u00edticas al Gobierno provincial y a la nueva conducci\u00f3n del partido radical.<br \/>Durante este encuentro los referentes de la l\u00ednea pusieron en com\u00fan los balances sobre la \u00faltima elecci\u00f3n interna en la Uni\u00f3n C\u00edvica Radical provincial y plantearon cuales consideran que ser\u00edan los puntos estrat\u00e9gicos que se deben mejorar y cuales potenciar en vistas a los procesos electorales que se acercan. <br \/>Adem\u00e1s, los referentes de la l\u00ednea, encabezados por la diputada provincial Silvana Carrizo, manifestaron con \u00e9nfasis su incondicional apoyo a la candidatura a gobernador del Senador Nacional Flavio Fama, en las pr\u00f3ximas elecciones. Consideran que el actual legislador nacional cumple con todas las condiciones para ser quien encabece la boleta de la alianza de Juntos por el Cambio y asegure un triunfo en los sufragios generales de octubre. <br \/>\u201cUna vez m\u00e1s el candidato que representa la esperanza de los catamarque\u00f1os es Flavio Fama, con \u00e9l vamos a trabajar por una provincia con trabajo digno, salarios justos, salud y educaci\u00f3n publica de calidad para las y los catamarque\u00f1os. El es el candidato de la Uni\u00f3n C\u00edvica Radical que mejor posicionado esta en las encuestas\u201d asegur\u00f3 la legisladora provincial en su discurso durante el plenario. <br \/>El Senador Nacional Flavio Fama fue el encargado del cierre del encuentro en el que agradeci\u00f3 el apoyo recibido y el esfuerzo de cada uno de los presentes para poder asistir y recordando que era una reuni\u00f3n que ten\u00edan pendiente. <br \/>En su discurso, Fama, se\u00f1al\u00f3 que la l\u00ednea Ra\u00fal Alfons\u00edn fue el \u00fanico sector de la UCR catamarque\u00f1a que mantuvo su coherencia pol\u00edtica desde su nacimiento dos a\u00f1os atr\u00e1s. \u201cQue nadie se confunda, no estamos en contra de ninguna l\u00ednea ni de ninguna persona. Nuestro l\u00edmite no son los radicales ni el radicalismo, son las personas que usan a la pol\u00edtica en beneficio propio y todos los que compartan estos valores y principios seguramente van a ser nuestros amigos en un espacio que tiene la puerta abierta para la entrada y la salida\u201d expres\u00f3. <br \/>El principal referente de este sector tambi\u00e9n hizo referencia al proceso electoral que se avecina y destac\u00f3 que este sector buscar\u00e1 llegar a un consenso con las dem\u00e1s l\u00edneas del radicalismo. \u201cLos animo a conversar con todos los radicales, insisto nuestro partido y nuestros correligionarios no son nuestros enemigos, ni siquiera son nuestros adversarios, son las personas con las que tenemos que acordar las mejores estrategias pol\u00edticas y si no llegamos a eso iremos una paz iremos una PASO con nuestros mejores hombres y mujeres\u201d dijo. <br \/>Y en este sentido, manifest\u00f3 que no en todos lados se puede tener buenos candidatos para los diferentes cargos que se van a elegir en las pr\u00f3ximas elecciones y en eso caso se deber\u00e1 apoyar a los candidatos de los quienes sean sus aliados. \u201cNuestros aliados en la pr\u00f3xima contienda electoral van a ser nuestros socios, si ganan ellos ganamos nosotros y ganan todos los catamarque\u00f1os\u201d agreg\u00f3. <br \/>\u201cAc\u00e1 estamos para trabajar sobre lo que es nuestro objetivo hace muchos a\u00f1os, sacar a este gobierno corrupto que le saca los recursos a todos los catamarque\u00f1os, que los priva de la salud que no les da buena educaci\u00f3n a los hijos, que nada hace contra el narcotr\u00e1fico, gobierno en donde uno ve curiosamente obras que benefician a algunos sectores\u201d, dijo Fama.<\/p>\n<p>Cr\u00edticas al gobierno provincial<br \/>A la hora de tomar la palabra, los referentes y militantes del interior coincidieron en que son muchas las necesidades que atraviesan sus comunidades. <br \/>Salud, educaci\u00f3n, precarizaci\u00f3n laboral, la situaci\u00f3n econ\u00f3mica y el acceso a los servicios b\u00e1sicos fueron los principales reclamos que plantearon durante el plenario<\/p>","protected":false},"excerpt":{"rendered":"<p>Con la presencia de m\u00e1s de 150 militantes y referentes de toda la provincia, se llev\u00f3 a cabo en Valle<\/p>\n","protected":false},"author":2,"featured_media":2526,"comment_status":"closed","ping_status":"closed","sticky":false,"template":"","format":"standard","meta":{"footnotes":"","jetpack_publicize_message":"","jetpack_publicize_feature_enabled":true,"jetpack_social_post_already_shared":false,"jetpack_social_options":{"image_generator_settings":{"template":"highway","enabled":false},"version":2}},"categories":[12],"tags":[],"class_list":["post-2525","post","type-post","status-publish","format-standard","has-post-thumbnail","hentry","category-politica"],"jetpack_publicize_connections":[],"_links":{"self":[{"href":"https:\/\/diariorepublica.com.ar\/web\/index.php\/wp-json\/wp\/v2\/posts\/2525"}],"collection":[{"href":"https:\/\/diariorepublica.com.ar\/web\/index.php\/wp-json\/wp\/v2\/posts"}],"about":[{"href":"https:\/\/diariorepublica.com.ar\/web\/index.php\/wp-json\/wp\/v2\/types\/post"}],"author":[{"embeddable":true,"href":"https:\/\/diariorepublica.com.ar\/web\/index.php\/wp-json\/wp\/v2\/users\/2"}],"replies":[{"embeddable":true,"href":"https:\/\/diariorepublica.com.ar\/web\/index.php\/wp-json\/wp\/v2\/comments?post=2525"}],"version-history":[{"count":1,"href":"https:\/\/diariorepublica.com.ar\/web\/index.php\/wp-json\/wp\/v2\/posts\/2525\/revisions"}],"predecessor-version":[{"id":2527,"href":"https:\/\/diariorepublica.com.ar\/web\/index.php\/wp-json\/wp\/v2\/posts\/2525\/revisions\/2527"}],"wp:featuredmedia":[{"embeddable":true,"href":"https:\/\/diariorepublica.com.ar\/web\/index.php\/wp-json\/wp\/v2\/media\/2526"}],"wp:attachment":[{"href":"https:\/\/diariorepublica.com.ar\/web\/index.php\/wp-json\/wp\/v2\/media?parent=2525"}],"wp:term":[{"taxonomy":"category","embeddable":true,"href":"https:\/\/diariorepublica.com.ar\/web\/index.php\/wp-json\/wp\/v2\/categories?post=2525"},{"taxonomy":"post_tag","embeddable":true,"href":"https:\/\/diariorepublica.com.ar\/web\/index.php\/wp-json\/wp\/v2\/tags?post=2525"}],"curies":[{"name":"wp","href":"https:\/\/api.w.org\/{rel}","templated":true}]}}