{"id":25300,"date":"2025-07-24T10:26:48","date_gmt":"2025-07-24T13:26:48","guid":{"rendered":"https:\/\/diariorepublica.com.ar\/web\/?p=25300"},"modified":"2025-07-24T10:26:50","modified_gmt":"2025-07-24T13:26:50","slug":"la-previa-del-finde-con-cuarteto-en-el-patio-y-en-el-escenario-mayor","status":"publish","type":"post","link":"https:\/\/diariorepublica.com.ar\/web\/index.php\/sociedad\/2025\/07\/24\/la-previa-del-finde-con-cuarteto-en-el-patio-y-en-el-escenario-mayor\/","title":{"rendered":"La previa del finde con cuarteto en El Patio y en el Escenario Mayor\u00a0"},"content":{"rendered":"<p dir=\"ltr\">Las luces del Escenario Mayor de la Fiesta Nacional e Internacional del Poncho vuelven a encenderse para deleitar al p\u00fablico con la m\u00fasica y la danza folcl\u00f3rica de artistas catamarque\u00f1os, y para comenzar a palpitar el inicio del \u00faltimo fin de semana del festival a puro cuarteto con la banda DesaKTa2, que ya agot\u00f3 entradas.<\/p>\n<p dir=\"ltr\">En el Pabell\u00f3n de Turismo Santa Mar\u00eda y Tinogasta presentar\u00e1n a las 18.30 hs \u201cSent\u00ed Yokavil\u201d y \u201cTinogasta Tierra de Sensaciones\u201d, dos nuevas experiencias tur\u00edsticas del proyecto \u201cCatamarca sensorial\u201d, una iniciativa impulsada por la Secretar\u00eda de Gesti\u00f3n Tur\u00edstica de la provincia que invita a viajar con los cinco sentidos.<\/p>\n<p dir=\"ltr\">En el Pabell\u00f3n de Artesan\u00edas en el stand de la Escuela de Orfebrer\u00eda (en el Pabell\u00f3n Aldacira Flores), a las 18 hs habr\u00e1 demostraci\u00f3n en vivo de lapidaci\u00f3n I \u201cPlanos y Cabujones\u201d, y en el stand de Artesan\u00edas (Pabell\u00f3n Peregrina Z\u00e1rate), de 16 a 19hs, de muebles campesinos y utilitarios.<\/p>\n<p dir=\"ltr\">Desde las 13 hs abren todos los sectores gastron\u00f3micos, y a partir de las 14hs los de exposici\u00f3n con entrada libre y gratuita.<\/p>\n<p dir=\"ltr\">Programaci\u00f3n d\u00eda 7 | Jueves 24 de julio<\/p>\n<p dir=\"ltr\">Escenario Mayor | 21 hs<\/p>\n<p dir=\"ltr\">Ballet Folkl\u00f3rico El Reencuentro<\/p>\n<p dir=\"ltr\">Alico Espiloc\u00edn<\/p>\n<p dir=\"ltr\">Hugo Nanni<\/p>\n<p dir=\"ltr\">Daniela Figueroa<\/p>\n<p dir=\"ltr\">Juan Ignacio Molina<\/p>\n<p dir=\"ltr\">Los Kijanos<\/p>\n<p dir=\"ltr\">Ballet Argentina<\/p>\n<p dir=\"ltr\">Agustin Isasmendi<\/p>\n<p dir=\"ltr\">Las Voces del Viento<\/p>\n<p dir=\"ltr\">DesaKTa2<\/p>\n<p dir=\"ltr\">El Patio | desde las 14 hs<\/p>\n<p dir=\"ltr\">Ballet Alma de Horizonte &#8211; Ballet FME<\/p>\n<p dir=\"ltr\">Alberto Har\u00f3n<\/p>\n<p dir=\"ltr\">Natalia Brizuela C\u00e9sar<\/p>\n<p dir=\"ltr\">Jomaray<\/p>\n<p dir=\"ltr\">Delegaci\u00f3n Departamental Ancasti<\/p>\n<p dir=\"ltr\">Calibre Rock<\/p>\n<p dir=\"ltr\">Magui Leiva<\/p>\n<p dir=\"ltr\">Sapitos Forever<\/p>\n<p dir=\"ltr\">Va de una<\/p>\n<p dir=\"ltr\">Dami\u00e1n C\u00f3rdoba<\/p>\n<p dir=\"ltr\">Mercado Cultural<\/p>\n<p dir=\"ltr\">Dios Sabr\u00e1<\/p>\n<p dir=\"ltr\">La Academia de Danzas Folcl\u00f3ricas Lil\u00ed Berrondo<\/p>\n<p dir=\"ltr\">Yoselie Ramos<\/p>\n<p dir=\"ltr\">GOLD STARS<\/p>\n<p dir=\"ltr\">Paula Paola<\/p>\n<p dir=\"ltr\">Pabell\u00f3n de turismo<\/p>\n<p dir=\"ltr\">Ballet Folkl\u00f3rico Los Amigos<\/p>\n<p dir=\"ltr\">Tradiciones Ambate\u00f1as<\/p>\n<p dir=\"ltr\">Marcelo Costas<\/p>\n<p dir=\"ltr\">COOKINS<\/p>\n<p dir=\"ltr\">Nano Sachetti y Su Banda<\/p>\n<p dir=\"ltr\">Catamarca Sensorial<\/p>\n<p dir=\"ltr\">Municipio de Los Altos &#8211; Hummus de Soja<\/p>\n<p dir=\"ltr\">Delegaci\u00f3n Municipal Los Altos<\/p>\n<p dir=\"ltr\">Municipio de SFVC<\/p>\n<p dir=\"ltr\">C\u00e9sar Ayosa y Su Banda<\/p>\n<p dir=\"ltr\">Pabell\u00f3n de Artesan\u00edas<\/p>\n<p dir=\"ltr\">16 a 19 hs &#8211; Muebles campesinos y utilitarios. Maestro artesano Gerardo Quijano.<\/p>\n<p dir=\"ltr\">Pabell\u00f3n Peregrina Z\u00e1rate<\/p>\n<p dir=\"ltr\">18 hs &#8211; Lapidaci\u00f3n I \u201cPlanos y Cabujones\u201d. Instructores: \u00c9rica Quiriconi y Eduardo Gonz\u00e1lez.<\/p>\n<p dir=\"ltr\">Pabell\u00f3n Aldacira Flores<\/p>\n<p dir=\"ltr\">Poncho Audiovisual<\/p>\n<p dir=\"ltr\">Secci\u00f3n Ponchito Audiovisual: 15 a 18 hs<\/p>\n<p dir=\"ltr\">Muestra Anima Latina &#8211; festival de cine de animaci\u00f3n latinoamericano<\/p>\n<p dir=\"ltr\">Secci\u00f3n Terror en el Valle: 19 a 21.30 hs<\/p>\n<p dir=\"ltr\">Corto \u201cWatukuy\u201d, de Agust\u00edn Lagos<\/p>\n<p dir=\"ltr\">Muestra Terror C\u00f3rdoba &#8211; Festival Internacional de Cine de Terror y Fant\u00e1stico<\/p>\n<p dir=\"ltr\">Estreno provincial: Al morir la matin\u00e9, de Maximiliano Contenti<\/p>\n","protected":false},"excerpt":{"rendered":"<p>Las luces del Escenario Mayor de la Fiesta Nacional e Internacional del Poncho vuelven a encenderse para deleitar al p\u00fablico<\/p>\n","protected":false},"author":1,"featured_media":25301,"comment_status":"closed","ping_status":"closed","sticky":false,"template":"","format":"standard","meta":{"footnotes":"","jetpack_publicize_message":"","jetpack_publicize_feature_enabled":true,"jetpack_social_post_already_shared":true,"jetpack_social_options":{"image_generator_settings":{"template":"highway","enabled":false},"version":2}},"categories":[3],"tags":[],"class_list":["post-25300","post","type-post","status-publish","format-standard","has-post-thumbnail","hentry","category-sociedad"],"jetpack_publicize_connections":[],"_links":{"self":[{"href":"https:\/\/diariorepublica.com.ar\/web\/index.php\/wp-json\/wp\/v2\/posts\/25300"}],"collection":[{"href":"https:\/\/diariorepublica.com.ar\/web\/index.php\/wp-json\/wp\/v2\/posts"}],"about":[{"href":"https:\/\/diariorepublica.com.ar\/web\/index.php\/wp-json\/wp\/v2\/types\/post"}],"author":[{"embeddable":true,"href":"https:\/\/diariorepublica.com.ar\/web\/index.php\/wp-json\/wp\/v2\/users\/1"}],"replies":[{"embeddable":true,"href":"https:\/\/diariorepublica.com.ar\/web\/index.php\/wp-json\/wp\/v2\/comments?post=25300"}],"version-history":[{"count":1,"href":"https:\/\/diariorepublica.com.ar\/web\/index.php\/wp-json\/wp\/v2\/posts\/25300\/revisions"}],"predecessor-version":[{"id":25302,"href":"https:\/\/diariorepublica.com.ar\/web\/index.php\/wp-json\/wp\/v2\/posts\/25300\/revisions\/25302"}],"wp:featuredmedia":[{"embeddable":true,"href":"https:\/\/diariorepublica.com.ar\/web\/index.php\/wp-json\/wp\/v2\/media\/25301"}],"wp:attachment":[{"href":"https:\/\/diariorepublica.com.ar\/web\/index.php\/wp-json\/wp\/v2\/media?parent=25300"}],"wp:term":[{"taxonomy":"category","embeddable":true,"href":"https:\/\/diariorepublica.com.ar\/web\/index.php\/wp-json\/wp\/v2\/categories?post=25300"},{"taxonomy":"post_tag","embeddable":true,"href":"https:\/\/diariorepublica.com.ar\/web\/index.php\/wp-json\/wp\/v2\/tags?post=25300"}],"curies":[{"name":"wp","href":"https:\/\/api.w.org\/{rel}","templated":true}]}}