{"id":25324,"date":"2025-07-28T09:42:00","date_gmt":"2025-07-28T12:42:00","guid":{"rendered":"https:\/\/diariorepublica.com.ar\/web\/?p=25324"},"modified":"2025-07-28T07:45:35","modified_gmt":"2025-07-28T10:45:35","slug":"rodolfo-donofrio-confirmo-que-no-sera-candidato-y-apoyara-a-stefano-di-carlo-como-presidente-de-river","status":"publish","type":"post","link":"https:\/\/diariorepublica.com.ar\/web\/index.php\/deportes\/2025\/07\/28\/rodolfo-donofrio-confirmo-que-no-sera-candidato-y-apoyara-a-stefano-di-carlo-como-presidente-de-river\/","title":{"rendered":"Rodolfo D&#8217;Onofrio confirm\u00f3 que no ser\u00e1 candidato y apoyar\u00e1 a Stefano Di Carlo como presidente de River"},"content":{"rendered":"<p><strong data-start=\"254\" data-end=\"474\">El expresidente de River Plate, Rodolfo D\u2019Onofrio, con <em>\u00abEn un buen domingo\u00bb\u00a0<\/em>en Radio La Red,\u00a0<\/strong>descart\u00f3 presentarse nuevamente en las elecciones del club\u00a0<strong>y confirm\u00f3 su respaldo a Stefano Di Carlo como posible sucesor de Jorge Brito al frente de la instituci\u00f3n.<br \/>\n<\/strong><\/p>\n<article class=\"article-body\">\n<div class=\"article-content\">\n<div class=\"news-body-paragraph\" data-twitter-link=\"\">\n<p data-start=\"476\" data-end=\"921\"><strong data-start=\"555\" data-end=\"671\">\u201cLa familia est\u00e1 de acuerdo con la decisi\u00f3n que yo he tomado, que es la de no me voy a presentar como candidato\u201d<\/strong>, afirm\u00f3, y aclar\u00f3 que su intenci\u00f3n es dar lugar a nuevas generaciones:<\/p>\n<\/div>\n<\/div>\n<\/article>\n<article class=\"article-body par-3\">\n<div class=\"article-content\">\n<div class=\"news-body-paragraph\" data-twitter-link=\"\">\n<p><strong data-start=\"745\" data-end=\"921\">\u201cDespu\u00e9s de ocho a\u00f1os de haber estado, no hay que perpetuarse. Hay que darle paso a los m\u00e1s j\u00f3venes. Yo no creo en los salvadores, creo en los equipos, en grupos de gente\u201d, dijo en AM 910.<\/strong><\/p>\n<\/div>\n<\/div>\n<\/article>\n<article class=\"article-body par-4\">\n<div class=\"article-content\">\n<div class=\"news-body-paragraph\" data-twitter-link=\"\">\n<p data-start=\"923\" data-end=\"1338\">El dirigente, que condujo a River durante uno de los ciclos m\u00e1s exitosos de su historia entre 2013 y 2021, confirm\u00f3 que acompa\u00f1ar\u00e1 el armado de un nuevo proyecto institucional, aunque sin protagonismo directo.<\/p>\n<\/div>\n<\/div>\n<\/article>\n<article class=\"article-body par-5\">\n<div class=\"article-content\">\n<div class=\"news-body-paragraph\" data-twitter-link=\"\">\n<p><strong data-start=\"1135\" data-end=\"1328\">\u201cLo que voy a hacer es estar ayudando. Estoy trabajando para que justamente Stefano Di Carlo sea presidente. Lo estoy apoyando en el proyecto, con \u00e9l, con Ballotta, trabajamos en el proyecto\u201d<\/strong>, detall\u00f3.<\/p>\n<p data-start=\"1340\" data-end=\"1637\">Tambi\u00e9n se refiri\u00f3 al rol que ocupar\u00e1 en esta nueva etapa:\u00a0<strong data-start=\"1401\" data-end=\"1538\">\u201cMe voy a ocupar del armado de todo esto y de todo lo que requieran de m\u00ed. Pero no para ser yo quien est\u00e9 en las sombras, no, no, no\u201d<\/strong>, aclar\u00f3 D\u2019Onofrio, despejando cualquier especulaci\u00f3n sobre un eventual rol de conducci\u00f3n informal.<\/p>\n<p data-start=\"1680\" data-end=\"2066\">Consultado sobre un posible contacto con Marcelo Gallardo, D\u2019Onofrio neg\u00f3 que haya existido un di\u00e1logo reciente, aunque destac\u00f3 la relaci\u00f3n del entrenador con Di Carlo.<\/p>\n<p><strong data-start=\"1853\" data-end=\"2055\">\u201cGallardo est\u00e1 muy bien. Creo que tiene una muy buena relaci\u00f3n con Di Carlo, y Di Carlo tiene la capacidad para hacer lo que tiene que hacer. Yo creo que ese es el camino que hay que seguir\u201d<\/strong>, concluy\u00f3.<\/p>\n<p data-start=\"2068\" data-end=\"2515\">La declaraci\u00f3n de D\u2019Onofrio se produce en un momento clave del a\u00f1o electoral en River, con versiones que mencionaban la posibilidad de su regreso a la vida pol\u00edtica del club. Sin embargo, su mensaje fue claro: acompa\u00f1ar\u00e1, pero sin buscar cargos.<\/p>\n<p>Con su respaldo p\u00fablico,\u00a0<strong data-start=\"2341\" data-end=\"2393\">Stefano Di Carlo -actual vicepresidente primero-<\/strong>\u00a0se posiciona como el principal candidato de la continuidad oficialista de cara a las elecciones previstas para diciembre.<\/p>\n<\/div>\n<\/div>\n<\/article>\n<p><strong>\u00a0<\/strong><\/p>\n","protected":false},"excerpt":{"rendered":"<p>El expresidente de River Plate, Rodolfo D\u2019Onofrio, con \u00abEn un buen domingo\u00bb\u00a0en Radio La Red,\u00a0descart\u00f3 presentarse nuevamente en las elecciones<\/p>\n","protected":false},"author":1,"featured_media":25325,"comment_status":"closed","ping_status":"closed","sticky":false,"template":"","format":"standard","meta":{"footnotes":"","jetpack_publicize_message":"","jetpack_publicize_feature_enabled":true,"jetpack_social_post_already_shared":true,"jetpack_social_options":{"image_generator_settings":{"template":"highway","enabled":false},"version":2}},"categories":[9],"tags":[],"class_list":["post-25324","post","type-post","status-publish","format-standard","has-post-thumbnail","hentry","category-deportes"],"jetpack_publicize_connections":[],"_links":{"self":[{"href":"https:\/\/diariorepublica.com.ar\/web\/index.php\/wp-json\/wp\/v2\/posts\/25324"}],"collection":[{"href":"https:\/\/diariorepublica.com.ar\/web\/index.php\/wp-json\/wp\/v2\/posts"}],"about":[{"href":"https:\/\/diariorepublica.com.ar\/web\/index.php\/wp-json\/wp\/v2\/types\/post"}],"author":[{"embeddable":true,"href":"https:\/\/diariorepublica.com.ar\/web\/index.php\/wp-json\/wp\/v2\/users\/1"}],"replies":[{"embeddable":true,"href":"https:\/\/diariorepublica.com.ar\/web\/index.php\/wp-json\/wp\/v2\/comments?post=25324"}],"version-history":[{"count":1,"href":"https:\/\/diariorepublica.com.ar\/web\/index.php\/wp-json\/wp\/v2\/posts\/25324\/revisions"}],"predecessor-version":[{"id":25326,"href":"https:\/\/diariorepublica.com.ar\/web\/index.php\/wp-json\/wp\/v2\/posts\/25324\/revisions\/25326"}],"wp:featuredmedia":[{"embeddable":true,"href":"https:\/\/diariorepublica.com.ar\/web\/index.php\/wp-json\/wp\/v2\/media\/25325"}],"wp:attachment":[{"href":"https:\/\/diariorepublica.com.ar\/web\/index.php\/wp-json\/wp\/v2\/media?parent=25324"}],"wp:term":[{"taxonomy":"category","embeddable":true,"href":"https:\/\/diariorepublica.com.ar\/web\/index.php\/wp-json\/wp\/v2\/categories?post=25324"},{"taxonomy":"post_tag","embeddable":true,"href":"https:\/\/diariorepublica.com.ar\/web\/index.php\/wp-json\/wp\/v2\/tags?post=25324"}],"curies":[{"name":"wp","href":"https:\/\/api.w.org\/{rel}","templated":true}]}}