{"id":2534,"date":"2023-05-08T08:54:24","date_gmt":"2023-05-08T11:54:24","guid":{"rendered":"https:\/\/diariorepublica.com.ar\/web\/?p=2534"},"modified":"2023-05-08T08:54:24","modified_gmt":"2023-05-08T11:54:24","slug":"gustavo-saadi-dijo-que-no-hay-que-pedirle-permiso-al-gobierno-nacional-para-desdoblar-elecciones","status":"publish","type":"post","link":"https:\/\/diariorepublica.com.ar\/web\/index.php\/politica\/2023\/05\/08\/gustavo-saadi-dijo-que-no-hay-que-pedirle-permiso-al-gobierno-nacional-para-desdoblar-elecciones\/","title":{"rendered":"Gustavo Saadi dijo que \u201cNo hay que pedirle permiso al Gobierno Nacional\u201d para desdoblar elecciones"},"content":{"rendered":"<p>El intendente de la Capital, Gustavo Saadi, manifest\u00f3 nuevamente estar a favor del desdoblamiento de las elecciones provinciales respecto a las nacionales \u201cpara garantizar la transparencia y claridad de las propuestas\u201d.<\/p>\n<p>Para el jefe comunal, \u201ces el vecino quien tiene que tener la posibilidad de poder diferenciar cu\u00e1les son las propuestas pues, si no se pierde ese principio de derecho electoral como es la la transparencia de lo que el vecino pueda votar\u201d.<\/p>\n<p>En este sentido, Saadi se refiri\u00f3 a la estrategia electoral del PJ en la provincia y analiz\u00f3 que con las complicaciones que tiene hoy el Gobierno Nacional \u201cpuede haber una situaci\u00f3n de arrastre\u201d.<\/p>\n<p>\u201cPor algo la Constituci\u00f3n, y por algo todas las constituciones provinciales establecen la posibilidad de hacerlo de manera diferenciada con el Gobierno nacional. Yo no estaba de acuerdo con el planteo de decir vamos a ir a octubre porque tenemos que acompa\u00f1ar al Gobierno nacional o que hab\u00eda que hablar con el Gobierno para saber cuando son las elecciones. Ah\u00ed lo dije p\u00fablicamente, nosotros no tenemos que andar pidiendo el permiso del Gobierno nacional, ni preguntando cuando tenemos que hacer una elecci\u00f3n\u201d, concluy\u00f3.<\/p>\n","protected":false},"excerpt":{"rendered":"<p>El intendente de la Capital, Gustavo Saadi, manifest\u00f3 nuevamente estar a favor del desdoblamiento de las elecciones provinciales respecto a<\/p>\n","protected":false},"author":2,"featured_media":2535,"comment_status":"closed","ping_status":"closed","sticky":false,"template":"","format":"standard","meta":{"footnotes":"","jetpack_publicize_message":"","jetpack_publicize_feature_enabled":true,"jetpack_social_post_already_shared":false,"jetpack_social_options":{"image_generator_settings":{"template":"highway","enabled":false},"version":2}},"categories":[12],"tags":[],"class_list":["post-2534","post","type-post","status-publish","format-standard","has-post-thumbnail","hentry","category-politica"],"jetpack_publicize_connections":[],"_links":{"self":[{"href":"https:\/\/diariorepublica.com.ar\/web\/index.php\/wp-json\/wp\/v2\/posts\/2534"}],"collection":[{"href":"https:\/\/diariorepublica.com.ar\/web\/index.php\/wp-json\/wp\/v2\/posts"}],"about":[{"href":"https:\/\/diariorepublica.com.ar\/web\/index.php\/wp-json\/wp\/v2\/types\/post"}],"author":[{"embeddable":true,"href":"https:\/\/diariorepublica.com.ar\/web\/index.php\/wp-json\/wp\/v2\/users\/2"}],"replies":[{"embeddable":true,"href":"https:\/\/diariorepublica.com.ar\/web\/index.php\/wp-json\/wp\/v2\/comments?post=2534"}],"version-history":[{"count":1,"href":"https:\/\/diariorepublica.com.ar\/web\/index.php\/wp-json\/wp\/v2\/posts\/2534\/revisions"}],"predecessor-version":[{"id":2536,"href":"https:\/\/diariorepublica.com.ar\/web\/index.php\/wp-json\/wp\/v2\/posts\/2534\/revisions\/2536"}],"wp:featuredmedia":[{"embeddable":true,"href":"https:\/\/diariorepublica.com.ar\/web\/index.php\/wp-json\/wp\/v2\/media\/2535"}],"wp:attachment":[{"href":"https:\/\/diariorepublica.com.ar\/web\/index.php\/wp-json\/wp\/v2\/media?parent=2534"}],"wp:term":[{"taxonomy":"category","embeddable":true,"href":"https:\/\/diariorepublica.com.ar\/web\/index.php\/wp-json\/wp\/v2\/categories?post=2534"},{"taxonomy":"post_tag","embeddable":true,"href":"https:\/\/diariorepublica.com.ar\/web\/index.php\/wp-json\/wp\/v2\/tags?post=2534"}],"curies":[{"name":"wp","href":"https:\/\/api.w.org\/{rel}","templated":true}]}}