{"id":25345,"date":"2025-07-28T14:58:00","date_gmt":"2025-07-28T17:58:00","guid":{"rendered":"https:\/\/diariorepublica.com.ar\/web\/?p=25345"},"modified":"2025-07-28T08:01:40","modified_gmt":"2025-07-28T11:01:40","slug":"torneo-clausura-por-que-no-habra-partidos-el-primer-fin-de-semana-de-agosto","status":"publish","type":"post","link":"https:\/\/diariorepublica.com.ar\/web\/index.php\/deportes\/2025\/07\/28\/torneo-clausura-por-que-no-habra-partidos-el-primer-fin-de-semana-de-agosto\/","title":{"rendered":"Torneo Clausura:\u00a0\u00bfpor qu\u00e9 no habr\u00e1 partidos el primer fin de semana de agosto?"},"content":{"rendered":"<p>La\u00a0<b>Asociaci\u00f3n del F\u00fatbol Argentino<\/b>\u00a0(AFA) hab\u00eda decidido dejar libre el fin de semana del\u00a0<b>3 y 4 de agosto<\/b>\u00a0por la realizaci\u00f3n de las\u00a0<b>PASO<\/b>\u00a0(Primarias, Abiertas, Simult\u00e1neas y Obligatorias), que estaban previstas para dicho domingo, por lo que la pelota dejar\u00e1 de rodar el primer fin de semana del pr\u00f3ximo mes en el\u00a0<b>Torneo Clausura 2025<\/b>.<\/p>\n<p class=\"article-body__paragraph\">Sin embargo, en febrero el Congreso suspendi\u00f3 las primarias y estableci\u00f3\u00a0<b>elecciones legislativas<\/b>\u00a0directas para octubre. A pesar del cambio en el escenario pol\u00edtico, la AFA decidi\u00f3\u00a0<b>no modificar<\/b>\u00a0el cronograma inicial.<\/p>\n<p class=\"article-body__paragraph\">Tras la disputa de la tercera jornada del certamen, el campeonato entrar\u00e1 en un parate que, si bien fue originalmente motivado por\u00a0<b>razones electorales<\/b>, finalmente se mantendr\u00e1 por una cuesti\u00f3n organizativa relacionada a la\u00a0<b>Copa Argentina<\/b>.<\/p>\n<p class=\"article-body__paragraph\">En lugar de reprogramar la cuarta fecha del Clausura para esos d\u00edas, se resolvi\u00f3 aprovechar la ventana para avanzar con los partidos de\u00a0<b>octavos de final<\/b>\u00a0de la Copa Argentina.<\/p>\n<p class=\"article-body__paragraph\">As\u00ed, mientras la\u00a0<b>Liga Profesional<\/b>\u00a0se toma una pausa, la acci\u00f3n se trasladar\u00e1 a los cruces eliminatorios, en los que participar\u00e1n varios equipos de Primera Divisi\u00f3n como:\u00a0<b>Independiente<\/b>,\u00a0<b>Racing<\/b>,\u00a0<b>San Lorenzo<\/b>,\u00a0<b>Hurac\u00e1n<\/b>,\u00a0<b>Lan\u00fas<\/b>\u00a0y\u00a0<b>Belgrano<\/b>.<\/p>\n<p class=\"article-body__paragraph\">No obstante, los equipos tendr\u00e1n una semana m\u00e1s para preparar la recta final del campeonato, que ser\u00e1 determinante tanto en la pelea por la clasificaci\u00f3n a las\u00a0<b>copas internacionales<\/b>\u00a0como en la lucha por la\u00a0<b>permanencia<\/b>.<\/p>\n<p>La cuarta fecha del Clausura qued\u00f3 reprogramada para el fin de semana del\u00a0<b>s\u00e1bado 9 al martes 12 de agosto<\/b>. All\u00ed, se enfrentar\u00e1n\u00a0<b>Boca Juniors<\/b>\u00a0ante Racing en La Bombonera, e Independiente contra\u00a0<b>River Plate<\/b>\u00a0en Avellaneda.<\/p>\n","protected":false},"excerpt":{"rendered":"<p>La\u00a0Asociaci\u00f3n del F\u00fatbol Argentino\u00a0(AFA) hab\u00eda decidido dejar libre el fin de semana del\u00a03 y 4 de agosto\u00a0por la realizaci\u00f3n de<\/p>\n","protected":false},"author":1,"featured_media":25346,"comment_status":"closed","ping_status":"closed","sticky":false,"template":"","format":"standard","meta":{"footnotes":"","jetpack_publicize_message":"","jetpack_publicize_feature_enabled":true,"jetpack_social_post_already_shared":true,"jetpack_social_options":{"image_generator_settings":{"template":"highway","enabled":false},"version":2}},"categories":[9],"tags":[],"class_list":["post-25345","post","type-post","status-publish","format-standard","has-post-thumbnail","hentry","category-deportes"],"jetpack_publicize_connections":[],"_links":{"self":[{"href":"https:\/\/diariorepublica.com.ar\/web\/index.php\/wp-json\/wp\/v2\/posts\/25345"}],"collection":[{"href":"https:\/\/diariorepublica.com.ar\/web\/index.php\/wp-json\/wp\/v2\/posts"}],"about":[{"href":"https:\/\/diariorepublica.com.ar\/web\/index.php\/wp-json\/wp\/v2\/types\/post"}],"author":[{"embeddable":true,"href":"https:\/\/diariorepublica.com.ar\/web\/index.php\/wp-json\/wp\/v2\/users\/1"}],"replies":[{"embeddable":true,"href":"https:\/\/diariorepublica.com.ar\/web\/index.php\/wp-json\/wp\/v2\/comments?post=25345"}],"version-history":[{"count":1,"href":"https:\/\/diariorepublica.com.ar\/web\/index.php\/wp-json\/wp\/v2\/posts\/25345\/revisions"}],"predecessor-version":[{"id":25347,"href":"https:\/\/diariorepublica.com.ar\/web\/index.php\/wp-json\/wp\/v2\/posts\/25345\/revisions\/25347"}],"wp:featuredmedia":[{"embeddable":true,"href":"https:\/\/diariorepublica.com.ar\/web\/index.php\/wp-json\/wp\/v2\/media\/25346"}],"wp:attachment":[{"href":"https:\/\/diariorepublica.com.ar\/web\/index.php\/wp-json\/wp\/v2\/media?parent=25345"}],"wp:term":[{"taxonomy":"category","embeddable":true,"href":"https:\/\/diariorepublica.com.ar\/web\/index.php\/wp-json\/wp\/v2\/categories?post=25345"},{"taxonomy":"post_tag","embeddable":true,"href":"https:\/\/diariorepublica.com.ar\/web\/index.php\/wp-json\/wp\/v2\/tags?post=25345"}],"curies":[{"name":"wp","href":"https:\/\/api.w.org\/{rel}","templated":true}]}}